{"id":11563,"date":"2026-05-01T19:39:01","date_gmt":"2026-05-01T22:39:01","guid":{"rendered":"https:\/\/infolanus.com\/index.php\/2026\/05\/01\/ubeda-mueve-las-fichas-en-santiago-el-equipo-alternativo-de-boca-para-enfrentar-a-central-cordoba\/"},"modified":"2026-05-01T19:39:01","modified_gmt":"2026-05-01T22:39:01","slug":"ubeda-mueve-las-fichas-en-santiago-el-equipo-alternativo-de-boca-para-enfrentar-a-central-cordoba","status":"publish","type":"post","link":"https:\/\/infolanus.com\/index.php\/2026\/05\/01\/ubeda-mueve-las-fichas-en-santiago-el-equipo-alternativo-de-boca-para-enfrentar-a-central-cordoba\/","title":{"rendered":"\u00dabeda mueve las fichas en Santiago: el equipo alternativo de Boca para enfrentar a Central C\u00f3rdoba"},"content":{"rendered":"<div class=\"media_block\"><\/div>\n<p><a target=\"_blank\" href=\"https:\/\/442.perfil.com\/noticias\/futbol\/boca-quedo-segundo-en-su-grupo-como-es-el-nuevo-criterio-de-desempate-en-la-copa-libertadores-a35.phtml\"><strong>Boca<\/strong> <\/a>viaja a Santiago del Estero con la tranquilidad del deber cumplido en el plano local, pero con el ojo puesto en el avi\u00f3n que lo llevar\u00e1 a Guayaquil. De cara <a target=\"_blank\" href=\"https:\/\/442.perfil.com\/noticias\/futbol\/pronostico-del-tiempo-para-central-cordoba-vs-boca.phtml\"><strong>al duelo de este s\u00e1bado ante Central C\u00f3rdoba<\/strong><\/a>, <strong>Claudio \u00dabeda decidi\u00f3 hacer rotaci\u00f3n masiva para cuidar a los titulares.<\/strong><\/p>\n<p class=\"destacadoNota\"><a target=\"_blank\" href=\"https:\/\/442.perfil.com\/noticias\/futbol\/pronostico-del-tiempo-para-central-cordoba-vs-boca.phtml\">Pron\u00f3stico del tiempo para Central C\u00f3rdoba vs. Boca<\/a><\/p>\n<div>\n<figure class=\"image\"><img data-recalc-dims=\"1\" decoding=\"async\" alt=\"\u00fabeda\" height=\"344\" src=\"https:\/\/i0.wp.com\/fotos.perfil.com\/\/\/2026\/04\/18\/900\/0\/claudio-ubeda-2223215.jpg?resize=640%2C344&#038;ssl=1\" width=\"640\" loading=\"lazy\"><figcaption>Claudio \u00dabeda<\/figcaption><\/figure>\n<\/div>\n<p>Ya clasificado a octavos de final del Torneo Apertura y con la ventaja de la local\u00eda asegurada para los mata-mata, <strong>el <em>Sif\u00f3n<\/em> no quiere arriesgar el f\u00edsico de sus piezas clave.<\/strong><\/p>\n<p>La prioridad absoluta es recuperarse del golpe en Belo Horizonte ante Cruzeiro y llegar afilados al cruce del martes contra Barcelona de Ecuador por la Libertadores, donde Boca necesita sumar para no complicar su posici\u00f3n en el grupo.<\/p>\n<h2>El posible equipo de Boca<\/h2>\n<p>Ante la baja por lesi\u00f3n de Agust\u00edn Marches\u00edn<strong>, Leandro Brey <\/strong>se transform\u00f3 en el guardi\u00e1n de los tres palos para todas las competencias.<strong> Ser\u00e1 el \u00fanico que repita titularidad respecto al equipo que jug\u00f3 en Brasil.<\/strong><\/p>\n<p><strong>Nicol\u00e1s Figal y Marco Pellegrino<\/strong> buscar\u00e1n aprovechar la chance para meterle presi\u00f3n al DT, mientras que <strong>Juan Barinaga y Maicon Braida ir\u00e1n por las bandas.<\/strong><\/p>\n<p>La gran noticia en la zona media es la aparici\u00f3n de <strong>Williams Alarc\u00f3n<\/strong>. El chileno, que hab\u00eda quedado muy relegado en la consideraci\u00f3n del cuerpo t\u00e9cnico, formar\u00e1 el doble cinco junto a Tom\u00e1s Belmonte.<\/p>\n<div>\n<figure class=\"image\"><img data-recalc-dims=\"1\" decoding=\"async\" alt=\"alarc\u00f3n\" height=\"330\" src=\"https:\/\/i0.wp.com\/fotos.perfil.com\/\/\/2025\/09\/16\/900\/0\/alarcon-en-boca-2100092.jpg?resize=640%2C330&#038;ssl=1\" width=\"640\" loading=\"lazy\"><figcaption>Williams Alarc\u00f3n<\/figcaption><\/figure>\n<\/div>\n<p>En la ofensiva, Boca guardar\u00e1 a los titulares y saltar\u00e1 a la cancha del interior con: <strong>\u00c1ngel Romero, Alan Velasco, Changuito Zeballos y Milton Gim\u00e9nez, el \u00fanico referente de \u00e1rea.<\/strong><\/p>\n<p>En ese sentido, el equipo completo ser\u00eda: Leandro <strong>Brey<\/strong>; Juan <strong>Barinaga<\/strong>, Nicol\u00e1s <strong>Figal<\/strong>, Marco <strong>Pellegrino<\/strong>, Malcom <strong>Braida<\/strong>; Tom\u00e1s <strong>Belmonte<\/strong>, Williams <strong>Alarc\u00f3n<\/strong>; \u00c1ngel <strong>Romero<\/strong>, Alan <strong>Velasco<\/strong>, Exequiel <strong>Zeballos<\/strong>; Milton <strong>Gim\u00e9nez<\/strong>.<\/p>\n<p>FMZ<\/p>\n<p> <!-- tags --> <\/p>\n","protected":false},"excerpt":{"rendered":"<p>Boca viaja a Santiago del Estero con la tranquilidad del deber cumplido en el plano local, pero con el ojo puesto en el avi\u00f3n que lo llevar\u00e1 a Guayaquil. De cara al duelo de este s\u00e1bado ante Central C\u00f3rdoba, Claudio \u00dabeda decidi\u00f3 hacer rotaci\u00f3n masiva para cuidar a los titulares. Pron\u00f3stico del tiempo para Central [&hellip;]<\/p>\n","protected":false},"author":2,"featured_media":11564,"comment_status":"closed","ping_status":"closed","sticky":false,"template":"","format":"standard","meta":{"jetpack_post_was_ever_published":false,"_jetpack_newsletter_access":"","_jetpack_dont_email_post_to_subs":false,"_jetpack_newsletter_tier_id":0,"_jetpack_memberships_contains_paywalled_content":false,"_jetpack_memberships_contains_paid_content":false,"footnotes":"","jetpack_publicize_message":"","jetpack_publicize_feature_enabled":true,"jetpack_social_post_already_shared":true,"jetpack_social_options":{"image_generator_settings":{"template":"highway","enabled":false},"version":2}},"categories":[17],"tags":[],"class_list":["post-11563","post","type-post","status-publish","format-standard","has-post-thumbnail","hentry","category-deportes"],"jetpack_publicize_connections":[],"jetpack_featured_media_url":"https:\/\/i0.wp.com\/infolanus.com\/wp-content\/uploads\/2026\/05\/ubeda-mueve-las-fichas-en-santiago-el-equipo-alternativo-de-boca-para-enfrentar-a-central-cordoba.jpg?fit=900%2C485&ssl=1","jetpack_sharing_enabled":true,"jetpack_shortlink":"https:\/\/wp.me\/p9QtMr-30v","_links":{"self":[{"href":"https:\/\/infolanus.com\/index.php\/wp-json\/wp\/v2\/posts\/11563","targetHints":{"allow":["GET"]}}],"collection":[{"href":"https:\/\/infolanus.com\/index.php\/wp-json\/wp\/v2\/posts"}],"about":[{"href":"https:\/\/infolanus.com\/index.php\/wp-json\/wp\/v2\/types\/post"}],"author":[{"embeddable":true,"href":"https:\/\/infolanus.com\/index.php\/wp-json\/wp\/v2\/users\/2"}],"replies":[{"embeddable":true,"href":"https:\/\/infolanus.com\/index.php\/wp-json\/wp\/v2\/comments?post=11563"}],"version-history":[{"count":0,"href":"https:\/\/infolanus.com\/index.php\/wp-json\/wp\/v2\/posts\/11563\/revisions"}],"wp:featuredmedia":[{"embeddable":true,"href":"https:\/\/infolanus.com\/index.php\/wp-json\/wp\/v2\/media\/11564"}],"wp:attachment":[{"href":"https:\/\/infolanus.com\/index.php\/wp-json\/wp\/v2\/media?parent=11563"}],"wp:term":[{"taxonomy":"category","embeddable":true,"href":"https:\/\/infolanus.com\/index.php\/wp-json\/wp\/v2\/categories?post=11563"},{"taxonomy":"post_tag","embeddable":true,"href":"https:\/\/infolanus.com\/index.php\/wp-json\/wp\/v2\/tags?post=11563"}],"curies":[{"name":"wp","href":"https:\/\/api.w.org\/{rel}","templated":true}]}}