{"id":11565,"date":"2026-05-01T23:40:00","date_gmt":"2026-05-02T02:40:00","guid":{"rendered":"https:\/\/www.ambito.com\/c6273101"},"modified":"2026-05-01T23:40:00","modified_gmt":"2026-05-02T02:40:00","slug":"crece-las-medidas-de-proteccion-en-reino-unido-y-elevan-alerta-ante-posible-ataque-terrorista","status":"publish","type":"post","link":"https:\/\/infolanus.com\/index.php\/2026\/05\/01\/crece-las-medidas-de-proteccion-en-reino-unido-y-elevan-alerta-ante-posible-ataque-terrorista\/","title":{"rendered":"Crece las medidas de protecci\u00f3n en Reino Unido y elevan alerta ante posible ataque terrorista"},"content":{"rendered":"<p><!-- { REGION4 --> <\/p>\n<header class=\"news-headline\" readability=\"1.3530259365994\">\n<div class=\"news-headline__topics-and-date-wrapper\"> <span class=\"news-headline__publication-date\"> 1 de mayo 2026 &#8211; 23:40 <\/span><\/div>\n<h2 class=\"news-headline__article-summary\" readability=\"23\">\n<p id=\"p-1777686079091-68396\" class=\"ignore-parser\">Hay manifestaciones de la comunidad jud\u00eda en reclamo por medidas de seguridad. Estados Unidos alert\u00f3 a los ciudadanos de su pa\u00eds que viven en Londres por potenciales &#8220;ataques extremistas&#8221;.<\/p>\n<\/h2>\n<\/header>\n<div class=\"detail-highlighted-multimedia content-protected-false\">\n<figure class=\"detail-highlighted-multimedia__figure\"> <img data-recalc-dims=\"1\" decoding=\"async\" src=\"https:\/\/i0.wp.com\/media.ambito.com\/p\/4f1d23ca9da6aea6cb795f13231529cd\/adjuntos\/239\/imagenes\/041\/873\/0041873244\/keir-starmerjpg.jpg?resize=640%2C360&#038;ssl=1\" class=\"detail-highlighted-multimedia__figure-img img-fluid\" alt=\"Keir Starmer, el primer ministro brit\u00e1nico, en la mira por un ataque antisemita.\" width=\"640\" height=\"360\" crossorigin=\"anonymous\" fetchpriority=\"high\" decode=\"async\"><figcaption class=\"detail-highlighted-multimedia__figcaption\" readability=\"-23\"> <span class=\"detail-highlighted-multimedia__copyright\">Gentileza de The Economist<\/span><\/figcaption><\/figure>\n<\/div>\n<article class=\"article-body article-body--first-paragraph content-protected-false\" data-td-script-src=\"https:\/\/www.ambito.com\/td\/modulos\/encuestas\/js\/function-embeds-min-version-1777608493.js\" readability=\"28.40243902439\">\n<p id=\"p-1777686079097-99903\">Un <a href=\"https:\/\/www.ambito.com\/mundo\/reino-unido-denuncia-ataque-iran-una-base-compartida-eeuu-y-alerta-el-alcance-misilistico-n6258538\" target=\"_blank\" rel=\"follow\">ataque iran\u00ed a una base compartida con <strong>Estados Unidos<\/strong><\/a><strong>,<\/strong> en conjunto con la agresi\u00f3n de un<strong> hombre a dos personas de la comunidad jud\u00eda en Londres<\/strong>, provocaron una serie de reclamos por mayor seguridad al <strong>primer ministro brit\u00e1nico, Keir Starmer<\/strong>, y el agravamiento de la alerta en todo el pa\u00eds ante un posible nuevo atentado.<\/p>\n<\/article>\n<article class=\"article-body article-body--second-paragraph content-protected-false\" readability=\"33\">\n<p id=\"p-1777686639999-41139\">En las \u00faltimas horas, se multiplicaron las manifestaciones por medidas que garanticen la seguridad de la comunidad jud\u00eda brit\u00e1nica, especialmente en <strong>Golders Green<\/strong>, el lugar del ataque. La organizaci\u00f3n dedicada a la protecci\u00f3n de la comunidad jud\u00eda brit\u00e1nica <strong>Community Security Trust (CST)<\/strong> estim\u00f3 unas<strong> 3.700 agresiones en el 2025.<\/strong><\/p>\n<\/article>\n<section class=\"related-news\"><span class=\"related-news__title\"> Informate m\u00e1s<\/span> <\/p>\n<div class=\"row row--eq-height\">\n<div class=\"col-12 col-md-6\">\n<article class=\"news-article news-article--landscape-news news-article--landscape-news\">\n<figure class=\"news-article__figure figure\"> <a href=\"https:\/\/www.ambito.com\/mundo\/el-cruce-inesperado-el-rey-carlos-iii-y-donald-trump-que-descoloco-los-invitados-la-casa-blanca-n6272039\" target title=\"\u00e1mbito.com | El cruce inesperado entre el rey Carlos y Trump que descoloc\u00f3 a los invitados en la Casa Blanca\" alt=\"\u00e1mbito.com | El cruce inesperado entre el rey Carlos y Trump que descoloc\u00f3 a los invitados en la Casa Blanca\" rel=\"noindex nofollow noreferrer\"> <img loading=\"lazy\" decoding=\"async\" src=\"https:\/\/www.ambito.com\/css-custom\/239\/lazy.svg\" data-td-src-property=\"https:\/\/media.ambito.com\/p\/105d989aecf12ea57019cdbaf9ae9a9e\/adjuntos\/239\/imagenes\/043\/335\/0043335349\/93x52\/smart\/trump-rey-carlos.jpg\" alt=\"Carlos III respondi\u00f3 con iron\u00eda a Donald Trump durante una cena en la Casa Blanca.\" title=\"Carlos III respondi\u00f3 con iron\u00eda a Donald Trump durante una cena en la Casa Blanca.\" width=\"93\" height=\"52\" class=\"news-article__figure-img figure-img img-fluid\"> <span class=\"news-article__media-badge news-article__media-badge--video\"><\/span><\/a> <\/figure>\n<\/article><\/div>\n<div class=\"col-12 col-md-6\">\n<article class=\"news-article news-article--landscape-news news-article--landscape-news\">\n<figure class=\"news-article__figure figure\"> <a href=\"https:\/\/www.ambito.com\/mundo\/el-rey-carlos-iii-fue-recibido-washington-donald-trump-una-visita-clave-recomponer-los-lazos-diplomaticos-n6271632\" target title=\"\u00e1mbito.com | El rey Carlos fue recibido en Washington por Trump, en una visita clave para recomponer los lazos diplom\u00e1ticos\" alt=\"\u00e1mbito.com | El rey Carlos fue recibido en Washington por Trump, en una visita clave para recomponer los lazos diplom\u00e1ticos\" rel=\"noindex nofollow noreferrer\"> <img loading=\"lazy\" decoding=\"async\" src=\"https:\/\/www.ambito.com\/css-custom\/239\/lazy.svg\" data-td-src-property=\"https:\/\/media.ambito.com\/p\/6c893cbd914540d529546e635ebc2150\/adjuntos\/239\/imagenes\/043\/333\/0043333058\/93x52\/smart\/rey-carlos-iii-donald-trump.jpg\" alt=\"Carlos III y Camila fueron recibidos por Donald y Melania Trump en la Casa Blanca.\" title=\"Carlos III y Camila fueron recibidos por Donald y Melania Trump en la Casa Blanca.\" width=\"93\" height=\"52\" class=\"news-article__figure-img figure-img img-fluid\"> <\/a><\/figure>\n<\/article><\/div>\n<\/div>\n<\/section>\n<article class=\"article-body article-body--third-paragraph content-protected-false\" readability=\"33\">\n<p id=\"p-1777687531638-98633\">La ministra del Interior, <strong>Shabana Mahmood<\/strong>, anunci\u00f3 que se elev\u00f3 a \u201csevero\u201d el nivel de amenaza terrorista y prometi\u00f3 abordar la \u201cemergencia\u201d del antisemitismo, un d\u00eda despu\u00e9s de que la<strong> canciller\u00eda de Israel declarara que \u201cel gobierno de Gran Breta\u00f1a ya no puede afirmar que esto est\u00e1 bajo control&#8221;<\/strong>. La comunidad jud\u00eda de Gran Breta\u00f1a asciende a unos 290.000 personas.<\/p>\n<\/article>\n<article class=\"article-body article-body--fourth-paragraph content-protected-false\" readability=\"33\">\n<p id=\"p-1777688178114-12357\">En ese marco, la <strong>Embajada de Estados Unidos en Londres <\/strong>emiti\u00f3 un comunicado a sus ciudadanos para que permanezcan alerta en <strong>lugares p\u00fablicos, mantengan un perfil bajo y revisen sus planes de seguridad personal. &#8220;<\/strong>El reciente aumento de las amenazas terroristas se debe a un incremento de las amenazas terroristas islamistas y de extrema derecha en el Reino Unido&#8221;, consideraron.<\/p>\n<\/article>\n<article class=\"article-body article-body--fifth-paragraph content-protected-false\"> <\/article>\n<article class=\"article-body article-body--remaining-paragraph content-protected-false\" readability=\"42\">\n<div contenteditable=\"false\" class=\"embed_cont type_imagen\" id=\"8218934-Libre-1039057929_wrap\">\n<p>Embajada EEUU Londres <span onclick=\"parent.parent.TinyMCETdcuerpo.preview_embed('8218934-Libre-1039057929')\" class=\"embed_colapse less\" id=\"8218934-Libre-1039057929_colapse\"> <\/span> <span onclick=\"parent.parent.TinyMCETdcuerpo.delete_embed('8218934-Libre-1039057929')\" class=\"embed_delete less\" id=\"8218934-Libre-1039057929_delete\"><\/span><\/p>\n<div id=\"8218934-Libre-1039057929_content\" class=\"embed_content\"><img decoding=\"async\" src=\"https:\/\/www.ambito.com\/css-custom\/239\/lazy.svg\" data-td-src-property=\"https:\/\/media.ambito.com\/p\/308fb587aaf6bd7a5f09205250878614\/adjuntos\/239\/imagenes\/043\/341\/0043341922\/730x0\/smart\/embajada-eeuu-londres.jpg\" alt=\"La Embajada estadounidense en Londres emiti\u00f3 un alerta a sus ciudadanos.\" title=\"La Embajada estadounidense en Londres emiti\u00f3 un alerta a sus ciudadanos.\" width=\"730\" height=\"undefined\" id=\"8218934-Libre-1039057929_embed\"><\/div>\n<div class=\"embed_wrapper-cont\" id=\"p-1777687970295-41997\" readability=\"6\">\n<div id=\"8218934-Libre-1039057929_epigrafe\" class=\"embed_epigrafe\" readability=\"7\">\n<p id=\"p-1777688003787-48882\">La Embajada estadounidense en Londres emiti\u00f3 un alerta a sus ciudadanos.<\/p>\n<\/div>\n<p>Reuters<\/p>\n<\/div><\/div>\n<h2 id=\"p-1777686724460-80945\">Atentado en Londres: inici\u00f3 el juicio al \u00fanico detenido<\/h2>\n<p id=\"p-1777687824388-42188\">El principal sospechoso de haber realizado un ataque antisemita en<strong> Golders Green, al norte de Londres<\/strong>, compareci\u00f3 este viernes ante un tribunal. El detenido, un <strong>hombre de 45 a\u00f1os<\/strong>, es sospechado de haber realizado un <strong>doble homicidio en el marco de un incidente de terrorismo<\/strong>.<\/p>\n<p id=\"p-1777688015294-77607\">El hecho ocurri\u00f3 el mi\u00e9rcoles cuando dos personas fueron abordadas en la v\u00eda p\u00fablica y asesinadas por un <strong>hombre que los atac\u00f3 con un arma blanca, <\/strong>hasta que personal de seguridad privada lo redujo con<strong> una pistola Taser<\/strong>.<\/p>\n<p id=\"p-1777686670760-15688\">El hecho provoc\u00f3 que el<strong> Reino Unido elevara su nivel de alerta terrorista nacional de &#8220;sustancial&#8221; a &#8220;severa&#8221;<\/strong>, lo que pretende evitar que se reitere un ataque extremista en los pr\u00f3ximos seis meses.<\/p>\n<\/article>\n<p> <!-- REGION4 } --> <\/p>\n","protected":false},"excerpt":{"rendered":"<p>1 de mayo 2026 &#8211; 23:40 Hay manifestaciones de la comunidad jud\u00eda en reclamo por medidas de seguridad. Estados Unidos alert\u00f3 a los ciudadanos de su pa\u00eds que viven en Londres por potenciales &#8220;ataques extremistas&#8221;. Gentileza de The Economist Un ataque iran\u00ed a una base compartida con Estados Unidos, en conjunto con la agresi\u00f3n de [&hellip;]<\/p>\n","protected":false},"author":2,"featured_media":11566,"comment_status":"closed","ping_status":"closed","sticky":false,"template":"","format":"standard","meta":{"jetpack_post_was_ever_published":false,"_jetpack_newsletter_access":"","_jetpack_dont_email_post_to_subs":false,"_jetpack_newsletter_tier_id":0,"_jetpack_memberships_contains_paywalled_content":false,"_jetpack_memberships_contains_paid_content":false,"footnotes":"","jetpack_publicize_message":"","jetpack_publicize_feature_enabled":true,"jetpack_social_post_already_shared":true,"jetpack_social_options":{"image_generator_settings":{"template":"highway","enabled":false},"version":2}},"categories":[20],"tags":[],"class_list":["post-11565","post","type-post","status-publish","format-standard","has-post-thumbnail","hentry","category-mundo"],"jetpack_publicize_connections":[],"jetpack_featured_media_url":"https:\/\/i0.wp.com\/infolanus.com\/wp-content\/uploads\/2026\/05\/crece-las-medidas-de-proteccion-en-reino-unido-y-elevan-alerta-ante-posible-ataque-terrorista.jpg?fit=655%2C368&ssl=1","jetpack_sharing_enabled":true,"jetpack_shortlink":"https:\/\/wp.me\/p9QtMr-30x","_links":{"self":[{"href":"https:\/\/infolanus.com\/index.php\/wp-json\/wp\/v2\/posts\/11565","targetHints":{"allow":["GET"]}}],"collection":[{"href":"https:\/\/infolanus.com\/index.php\/wp-json\/wp\/v2\/posts"}],"about":[{"href":"https:\/\/infolanus.com\/index.php\/wp-json\/wp\/v2\/types\/post"}],"author":[{"embeddable":true,"href":"https:\/\/infolanus.com\/index.php\/wp-json\/wp\/v2\/users\/2"}],"replies":[{"embeddable":true,"href":"https:\/\/infolanus.com\/index.php\/wp-json\/wp\/v2\/comments?post=11565"}],"version-history":[{"count":0,"href":"https:\/\/infolanus.com\/index.php\/wp-json\/wp\/v2\/posts\/11565\/revisions"}],"wp:featuredmedia":[{"embeddable":true,"href":"https:\/\/infolanus.com\/index.php\/wp-json\/wp\/v2\/media\/11566"}],"wp:attachment":[{"href":"https:\/\/infolanus.com\/index.php\/wp-json\/wp\/v2\/media?parent=11565"}],"wp:term":[{"taxonomy":"category","embeddable":true,"href":"https:\/\/infolanus.com\/index.php\/wp-json\/wp\/v2\/categories?post=11565"},{"taxonomy":"post_tag","embeddable":true,"href":"https:\/\/infolanus.com\/index.php\/wp-json\/wp\/v2\/tags?post=11565"}],"curies":[{"name":"wp","href":"https:\/\/api.w.org\/{rel}","templated":true}]}}