{"id":11569,"date":"2026-05-02T22:48:00","date_gmt":"2026-05-03T01:48:00","guid":{"rendered":"https:\/\/www.ambito.com\/mundo\/temporal-tragico-brasil-devasto-el-noreste-y-provoco-al-menos-seis-muertos-y-miles-evacuados-n6273272"},"modified":"2026-05-02T22:48:00","modified_gmt":"2026-05-03T01:48:00","slug":"temporal-tragico-en-brasil-devasto-el-noreste-y-provoco-al-menos-seis-muertos-y-miles-de-evacuados","status":"publish","type":"post","link":"https:\/\/infolanus.com\/index.php\/2026\/05\/02\/temporal-tragico-en-brasil-devasto-el-noreste-y-provoco-al-menos-seis-muertos-y-miles-de-evacuados\/","title":{"rendered":"Temporal tr\u00e1gico en Brasil: devast\u00f3 el noreste y provoc\u00f3 al menos seis muertos y miles de evacuados"},"content":{"rendered":"<p><img data-recalc-dims=\"1\" decoding=\"async\" src=\"https:\/\/i0.wp.com\/media.ambito.com\/p\/dba29a38b9e16a7e511ff707546339ab\/adjuntos\/239\/imagenes\/043\/342\/0043342590\/1200x675\/smart\/temporal-brasil.png?w=640&#038;ssl=1\"><!-- { REGION4 --> <\/p>\n<header class=\"news-headline\" readability=\"2.8104575163399\">\n<div class=\"news-headline__topics-and-date-wrapper\"> <span class=\"news-headline__publication-date\"> 2 de mayo 2026 &#8211; 22:48 <\/span><\/div>\n<h2 class=\"news-headline__article-summary\" readability=\"26\">\n<p id=\"p-1777772640195-86927\" class=\"ignore-parser\">Las lluvias torrenciales golpearon la regi\u00f3n metropolitana de Recife y el municipio de Olinda en Pernambuco, provocando deslizamientos de tierra que mataron a cuatro personas y dejaron a m\u00e1s de mil desplazados. El Gobierno brasile\u00f1o decret\u00f3 la situaci\u00f3n de emergencia en los municipios afectados<\/p>\n<\/h2>\n<\/header>\n<div class=\"detail-highlighted-multimedia content-protected-false\">\n<figure class=\"detail-highlighted-multimedia__figure\"> <img data-recalc-dims=\"1\" decoding=\"async\" src=\"https:\/\/i0.wp.com\/media.ambito.com\/p\/fb179885bc168723eed6490436bb799c\/adjuntos\/239\/imagenes\/043\/342\/0043342590\/655x368\/smart\/temporal-brasil.png?resize=640%2C724&#038;ssl=1\" class=\"detail-highlighted-multimedia__figure-img img-fluid\" alt=\"Las lluvicas obligaron a huir de sus hogares a cerca de 2.200 personas en ocho municipios.\" width=\"640\" height=\"724\" crossorigin=\"anonymous\" fetchpriority=\"high\" decode=\"async\"><figcaption class=\"detail-highlighted-multimedia__figcaption\" readability=\"-24\"> <\/figcaption><\/figure>\n<\/p><\/div>\n<article class=\"article-body article-body--first-paragraph content-protected-false\" data-td-script-src=\"https:\/\/www.ambito.com\/td\/modulos\/encuestas\/js\/function-embeds-min-version-1777608493.js\" readability=\"33.436464088398\">\n<p id=\"p-1777772653394-22540\" class>Las precipitaciones, que comenzaron el viernes, <strong>causaron deslizamientos de tierra e inundaciones y obligaron a huir de sus hogares a cerca de 2.200 personas en ocho municipios<\/strong>, en su mayor\u00eda en la regi\u00f3n metropolitana de Recife y en zonas rurales cercanas, en el noroeste de <a href=\"https:\/\/www.ambito.com\/mundo\/lula-promulgo-brasil-el-acuerdo-libre-comercio-el-mercosur-y-la-union-europea-n6271959\" target=\"_blank\" rel=\"follow\">Brasil<\/a>. El Gobierno decret\u00f3 la situaci\u00f3n de emergencia en los municipios afectados.<\/p>\n<\/article>\n<article class=\"article-body article-body--second-paragraph content-protected-false\" readability=\"32\">\n<p id=\"p-1777772749187-1744\" class><strong>El impacto de las precipitaciones ha sido severo en la regi\u00f3n metropolitana de Recife y el municipio de Olinda<\/strong>, con significativos deslizamientos de tierra. En ambos sitios perdieron la vida dos mujeres e igual cantidad de hijos menores de edad en cada caso. Las im\u00e1genes que circularon en las redes sociales mostraron calles convertidas en r\u00edos, viviendas derrumbadas y familias varadas en techos esperando el auxilio de los equipos de emergencia.<\/p>\n<\/article>\n<section class=\"related-news\"> <span class=\"related-news__title\">Informate m\u00e1s<\/span> <\/p>\n<div class=\"row row--eq-height\">\n<div class=\"col-12 col-md-6\">\n<article class=\"news-article news-article--landscape-news news-article--landscape-news\">\n<figure class=\"news-article__figure figure\"> <a href=\"https:\/\/www.ambito.com\/copa-libertadores-boca-juniors-visita-cruzeiro-la-chance-quedar-al-borde-los-octavos-final-n6271854\" target title=\"\u00e1mbito.com | Con una expulsi\u00f3n pol\u00e9mica, Boca perdi\u00f3 contra Cruzeiro en Brasil\" alt=\"\u00e1mbito.com | Con una expulsi\u00f3n pol\u00e9mica, Boca perdi\u00f3 contra Cruzeiro en Brasil\" rel=\"noindex nofollow noreferrer\"> <img loading=\"lazy\" decoding=\"async\" src=\"https:\/\/www.ambito.com\/css-custom\/239\/lazy.svg\" data-td-src-property=\"https:\/\/media.ambito.com\/p\/88f7a74c5173aed35bb2510a7557d9e7\/adjuntos\/239\/imagenes\/043\/334\/0043334735\/boca-cruzeiro.jpg\" alt=\"Con una expulsi\u00f3n pol\u00e9mica, Boca perdi\u00f3 frente a Cruzeiro en Brasil.\" title=\"Con una expulsi\u00f3n pol\u00e9mica, Boca perdi\u00f3 frente a Cruzeiro en Brasil.\" width=\"93\" height=\"52\" class=\"news-article__figure-img figure-img img-fluid\"> <span class=\"news-article__media-badge news-article__media-badge--video\"><\/span><\/a> <\/figure>\n<\/article><\/div>\n<div class=\"col-12 col-md-6\">\n<article class=\"news-article news-article--landscape-news news-article--landscape-news\">\n<figure class=\"news-article__figure figure\"> <a href=\"https:\/\/www.ambito.com\/espectaculos\/shakira-copacabana-un-trabajador-murio-el-montaje-del-escenario-el-show-n6271207\" target title=\"\u00e1mbito.com | Shakira en Copacabana: un trabajador muri\u00f3 durante el montaje del escenario para el show\" alt=\"\u00e1mbito.com | Shakira en Copacabana: un trabajador muri\u00f3 durante el montaje del escenario para el show\" rel=\"noindex nofollow noreferrer\"> <img loading=\"lazy\" decoding=\"async\" src=\"https:\/\/www.ambito.com\/css-custom\/239\/lazy.svg\" data-td-src-property=\"https:\/\/media.ambito.com\/p\/c6549f737cbefa66cfbd775a289af7d1\/adjuntos\/239\/imagenes\/042\/560\/0042560439\/shakirawebp.png\" alt=\"A una semana del show de Shakira, un trabajador perdi\u00f3 la vida en el montaje del escenario.\" title=\"A una semana del show de Shakira, un trabajador perdi\u00f3 la vida en el montaje del escenario.\" width=\"93\" height=\"52\" class=\"news-article__figure-img figure-img img-fluid\"> <\/a><\/figure>\n<\/article><\/div>\n<\/div>\n<\/section>\n<article class=\"article-body article-body--third-paragraph content-protected-false\" readability=\"36\">\n<p id=\"p-1777772653394-46618\" class><strong>El cuerpo de bomberos rescat\u00f3 a 525 personas que se hab\u00edan quedado aisladas por las inundaciones<\/strong>, utilizando 26 botes de salvamento, seg\u00fan un comunicado del Gobierno regional. El Gobierno brasile\u00f1o decret\u00f3 la situaci\u00f3n de emergencia en los municipios afectados, una medida que permite agilizar la canalizaci\u00f3n de ayuda. La Defensa Civil de Pernambuco contabiliz\u00f3 422 personas sin hogar, m\u00e1s de mil desplazadas y 342 rescatadas por los equipos de emergencia en las zonas de afectaciones. Al mismo tiempo, autoridades locales informaron sobre la entrega de ayuda humanitaria y la distribuci\u00f3n de colchones, s\u00e1banas y kits de limpieza como parte de las acciones de respuesta inmediata.<\/p>\n<\/article>\n<article class=\"article-body article-body--fourth-paragraph content-protected-false\" readability=\"34\">\n<p id=\"p-1777772653394-78437\" class=\"font-claude-response-body break-words whitespace-normal leading-[1.7]\"><strong>Las lluvias en el noreste de Brasil se suman a los devastadores aguaceros que azotaron el pa\u00eds en febrero de 2026<\/strong>, cuando las precipitaciones dejaron al menos 66 muertos y tres desaparecidos en el estado de Minas Gerais. En aquel episodio, la ciudad de Juiz de Fora lleg\u00f3 a acumular 584 mil\u00edmetros de precipitaciones en un mes, el doble del promedio hist\u00f3rico, y miles de familias debieron ser evacuadas en medio de deslizamientos y derrumbes que paralizaron la regi\u00f3n durante d\u00edas. <\/p>\n<\/article>\n<article class=\"article-body article-body--fifth-paragraph content-protected-false\" readability=\"32\">\n<h2 id=\"p-1777772653394-42221\">Un patr\u00f3n que se repite: el noreste, el eslab\u00f3n m\u00e1s vulnerable del sistema clim\u00e1tico brasile\u00f1o<\/h2>\n<p id=\"p-1777772653394-57130\" class=\"font-claude-response-body break-words whitespace-normal leading-[1.7]\">Intensas lluvias en el nordeste brasile\u00f1o provocaron muertes y miles de damnificados en el estado de Pernambuco, como muestra de la vulnerabilidad ante fen\u00f3menos clim\u00e1ticos cada vez m\u00e1s frecuentes en Am\u00e9rica Latina. El noreste es hist\u00f3ricamente la regi\u00f3n m\u00e1s castigada por la irregularidad clim\u00e1tica del pa\u00eds: durante d\u00e9cadas sufri\u00f3 sequ\u00edas prolongadas y hoy enfrenta el otro extremo del espectro, con lluvias concentradas en per\u00edodos breves que la infraestructura local no puede absorber. <\/p>\n<\/article>\n<article class=\"article-body article-body--remaining-paragraph content-protected-false\" readability=\"31\">\n<p id=\"p-1777772653394-15434\" class=\"font-claude-response-body break-words whitespace-normal leading-[1.7]\">La recurrencia de estas cat\u00e1strofes en el territorio brasile\u00f1o convierte la gesti\u00f3n del riesgo clim\u00e1tico en un tema de agenda pol\u00edtica de primer orden para el gobierno de Lula da Silva, que enfrenta la presi\u00f3n de las comunidades afectadas y la exigencia de los organismos internacionales de avanzar hacia un modelo de desarrollo m\u00e1s resiliente. <\/p>\n<\/article>\n<p> <!-- REGION4 } --> <\/p>\n","protected":false},"excerpt":{"rendered":"<p>2 de mayo 2026 &#8211; 22:48 Las lluvias torrenciales golpearon la regi\u00f3n metropolitana de Recife y el municipio de Olinda en Pernambuco, provocando deslizamientos de tierra que mataron a cuatro personas y dejaron a m\u00e1s de mil desplazados. El Gobierno brasile\u00f1o decret\u00f3 la situaci\u00f3n de emergencia en los municipios afectados Las precipitaciones, que comenzaron el [&hellip;]<\/p>\n","protected":false},"author":2,"featured_media":11570,"comment_status":"closed","ping_status":"closed","sticky":false,"template":"","format":"standard","meta":{"jetpack_post_was_ever_published":false,"_jetpack_newsletter_access":"","_jetpack_dont_email_post_to_subs":false,"_jetpack_newsletter_tier_id":0,"_jetpack_memberships_contains_paywalled_content":false,"_jetpack_memberships_contains_paid_content":false,"footnotes":"","jetpack_publicize_message":"","jetpack_publicize_feature_enabled":true,"jetpack_social_post_already_shared":true,"jetpack_social_options":{"image_generator_settings":{"template":"highway","enabled":false},"version":2}},"categories":[20],"tags":[1286],"class_list":["post-11569","post","type-post","status-publish","format-standard","has-post-thumbnail","hentry","category-mundo","tag-mundo"],"jetpack_publicize_connections":[],"jetpack_featured_media_url":"https:\/\/i0.wp.com\/infolanus.com\/wp-content\/uploads\/2026\/05\/temporal-tragico-en-brasil-devasto-el-noreste-y-provoco-al-menos-seis-muertos-y-miles-de-evacuados.png?fit=655%2C368&ssl=1","jetpack_sharing_enabled":true,"jetpack_shortlink":"https:\/\/wp.me\/p9QtMr-30B","_links":{"self":[{"href":"https:\/\/infolanus.com\/index.php\/wp-json\/wp\/v2\/posts\/11569","targetHints":{"allow":["GET"]}}],"collection":[{"href":"https:\/\/infolanus.com\/index.php\/wp-json\/wp\/v2\/posts"}],"about":[{"href":"https:\/\/infolanus.com\/index.php\/wp-json\/wp\/v2\/types\/post"}],"author":[{"embeddable":true,"href":"https:\/\/infolanus.com\/index.php\/wp-json\/wp\/v2\/users\/2"}],"replies":[{"embeddable":true,"href":"https:\/\/infolanus.com\/index.php\/wp-json\/wp\/v2\/comments?post=11569"}],"version-history":[{"count":0,"href":"https:\/\/infolanus.com\/index.php\/wp-json\/wp\/v2\/posts\/11569\/revisions"}],"wp:featuredmedia":[{"embeddable":true,"href":"https:\/\/infolanus.com\/index.php\/wp-json\/wp\/v2\/media\/11570"}],"wp:attachment":[{"href":"https:\/\/infolanus.com\/index.php\/wp-json\/wp\/v2\/media?parent=11569"}],"wp:term":[{"taxonomy":"category","embeddable":true,"href":"https:\/\/infolanus.com\/index.php\/wp-json\/wp\/v2\/categories?post=11569"},{"taxonomy":"post_tag","embeddable":true,"href":"https:\/\/infolanus.com\/index.php\/wp-json\/wp\/v2\/tags?post=11569"}],"curies":[{"name":"wp","href":"https:\/\/api.w.org\/{rel}","templated":true}]}}