{"id":1218,"date":"2018-11-23T13:35:39","date_gmt":"2018-11-23T16:35:39","guid":{"rendered":"http:\/\/infolanus.com\/?p=1218"},"modified":"2018-11-23T13:35:39","modified_gmt":"2018-11-23T16:35:39","slug":"el-municipio-lanzo-el-programa-verano-en-la-pileta","status":"publish","type":"post","link":"https:\/\/infolanus.com\/index.php\/2018\/11\/23\/el-municipio-lanzo-el-programa-verano-en-la-pileta\/","title":{"rendered":"El municipio lanz\u00f3 el programa &#8220;Verano en la pileta&#8221;"},"content":{"rendered":"<p>A trav\u00e9s de su Subsecretar\u00eda de Deportes, el Municipio de Lan\u00fas lanz\u00f3 el programa <strong>\u201cVerano en la pileta\u201d<\/strong>, mediante el cual m\u00e1s de 1.000 chicos del distrito tendr\u00e1n la posibilidad de realizar actividades recreativas en siete instituciones deportivas de Lan\u00fas de manera completamente gratuita.<\/p>\n<p>En total ser\u00e1n 1.050 los ni\u00f1os de entre 6 y 15 a\u00f1os que formar\u00e1n parte del programa. Inscribirse es muy sencillo: s\u00f3lo hay que completar los datos que figuran en el formulario, elegir una de las cuatro quincenas disponibles (las dos de enero y febrero de 2019, de lunes a viernes) y aguardar la confirmaci\u00f3n de la vacante.<\/p>\n<p>Los interesados deber\u00e1n registrarse en el siguiente <a href=\"https:\/\/docs.google.com\/forms\/d\/e\/1FAIpQLSfAl_K0C1t13vS2UZPthr6SXB-YBsTSDHCf7KBnyfCXzsvnqQ\/viewform\">Link<\/a><\/p>\n","protected":false},"excerpt":{"rendered":"<p>A trav\u00e9s de su Subsecretar\u00eda de Deportes, el Municipio de Lan\u00fas lanz\u00f3 el programa \u201cVerano en la pileta\u201d, mediante el cual m\u00e1s de 1.000 chicos del distrito tendr\u00e1n la posibilidad de realizar actividades recreativas en siete instituciones deportivas de Lan\u00fas de manera completamente gratuita. En total ser\u00e1n 1.050 los ni\u00f1os de entre 6 y 15 [&hellip;]<\/p>\n","protected":false},"author":2,"featured_media":1219,"comment_status":"open","ping_status":"open","sticky":false,"template":"","format":"standard","meta":{"jetpack_post_was_ever_published":false,"_jetpack_newsletter_access":"","_jetpack_dont_email_post_to_subs":false,"_jetpack_newsletter_tier_id":0,"_jetpack_memberships_contains_paywalled_content":false,"_jetpack_memberships_contains_paid_content":false,"footnotes":"","jetpack_publicize_message":"","jetpack_publicize_feature_enabled":true,"jetpack_social_post_already_shared":true,"jetpack_social_options":{"image_generator_settings":{"template":"highway","enabled":false},"version":2}},"categories":[19],"tags":[505,34,503,504,506],"class_list":["post-1218","post","type-post","status-publish","format-standard","has-post-thumbnail","hentry","category-municipio","tag-inscripcion","tag-municipio","tag-pileta","tag-verano","tag-verano-en-la-pileta"],"jetpack_publicize_connections":[],"jetpack_featured_media_url":"https:\/\/i0.wp.com\/infolanus.com\/wp-content\/uploads\/2018\/11\/pileta_argentino.jpg?fit=700%2C426&ssl=1","jetpack_sharing_enabled":false,"jetpack_shortlink":"https:\/\/wp.me\/p9QtMr-jE","_links":{"self":[{"href":"https:\/\/infolanus.com\/index.php\/wp-json\/wp\/v2\/posts\/1218","targetHints":{"allow":["GET"]}}],"collection":[{"href":"https:\/\/infolanus.com\/index.php\/wp-json\/wp\/v2\/posts"}],"about":[{"href":"https:\/\/infolanus.com\/index.php\/wp-json\/wp\/v2\/types\/post"}],"author":[{"embeddable":true,"href":"https:\/\/infolanus.com\/index.php\/wp-json\/wp\/v2\/users\/2"}],"replies":[{"embeddable":true,"href":"https:\/\/infolanus.com\/index.php\/wp-json\/wp\/v2\/comments?post=1218"}],"version-history":[{"count":1,"href":"https:\/\/infolanus.com\/index.php\/wp-json\/wp\/v2\/posts\/1218\/revisions"}],"predecessor-version":[{"id":1220,"href":"https:\/\/infolanus.com\/index.php\/wp-json\/wp\/v2\/posts\/1218\/revisions\/1220"}],"wp:featuredmedia":[{"embeddable":true,"href":"https:\/\/infolanus.com\/index.php\/wp-json\/wp\/v2\/media\/1219"}],"wp:attachment":[{"href":"https:\/\/infolanus.com\/index.php\/wp-json\/wp\/v2\/media?parent=1218"}],"wp:term":[{"taxonomy":"category","embeddable":true,"href":"https:\/\/infolanus.com\/index.php\/wp-json\/wp\/v2\/categories?post=1218"},{"taxonomy":"post_tag","embeddable":true,"href":"https:\/\/infolanus.com\/index.php\/wp-json\/wp\/v2\/tags?post=1218"}],"curies":[{"name":"wp","href":"https:\/\/api.w.org\/{rel}","templated":true}]}}