{"id":12264,"date":"2026-08-31T13:03:00","date_gmt":"2026-08-31T16:03:00","guid":{"rendered":"https:\/\/www.ambito.com\/c6316751"},"modified":"2026-08-31T13:03:00","modified_gmt":"2026-08-31T16:03:00","slug":"islandia-le-da-la-espalda-a-la-ue-y-abre-un-nuevo-interrogante-para-europa","status":"publish","type":"post","link":"https:\/\/infolanus.com\/index.php\/2026\/08\/31\/islandia-le-da-la-espalda-a-la-ue-y-abre-un-nuevo-interrogante-para-europa\/","title":{"rendered":"Islandia le da la espalda a la UE y abre un nuevo interrogante para Europa"},"content":{"rendered":"<div id>\n<p id=\"p-1788192202393-16158\">La consulta no defin\u00eda el ingreso inmediato de Islandia al bloque, sino si el Gobierno deb\u00eda volver a negociar las condiciones de una eventual adhesi\u00f3n. Aunque el resultado no es jur\u00eddicamente vinculante, la primera ministra <strong>Kristr\u00fan Frostad\u00f3ttir <\/strong>anticip\u00f3 que respetar\u00e1 la decisi\u00f3n de las urnas.<\/p>\n<\/div>\n<div id>\n<p id=\"p-1788192202393-26773\"> \u201cQuiero ser absolutamente clara: este gobierno no retomar\u00e1 las negociaciones de adhesi\u00f3n durante esta legislatura\u201d, afirm\u00f3 la mandataria, cuyo per\u00edodo de gobierno se extender\u00e1 hasta 2028.<\/p>\n<\/div>\n<div id>\n<p id=\"p-1788192202393-25115\">Islandia hab\u00eda presentado su solicitud para ingresar a la UE en 2009, pero las conversaciones quedaron suspendidas cuatro a\u00f1os despu\u00e9s. Con este nuevo rechazo, el debate sobre una eventual incorporaci\u00f3n vuelve a quedar postergado.<\/p>\n<\/div>\n<div id>\n<p id=\"p-1788192202393-13624\">La participaci\u00f3n electoral alcanz\u00f3 el <strong>82,5%<\/strong>, una muestra del inter\u00e9s que despert\u00f3 una discusi\u00f3n que divide al pa\u00eds. El resultado fue especialmente ajustado: el \u201cs\u00ed\u201d logr\u00f3 imponerse en las dos circunscripciones de Reikiavik, mientras que el rechazo se impuso en las zonas rurales.<\/p>\n<\/div>\n<div id>\n<div contenteditable=\"false\" class=\"embed_cont type_imagen\" id=\"8243359-Libre-627586393_wrap\">\n<div id=\"8243359-Libre-627586393_content\" class=\"embed_content\"><img data-recalc-dims=\"1\" src=\"https:\/\/i0.wp.com\/media.ambito.com\/p\/63424f4535f664d5770c0950c500c429\/adjuntos\/239\/imagenes\/043\/469\/0043469751\/islandia.jpg?resize=640%2C417&#038;ssl=1\" decoding=\"async\" fetchpriority=\"high\" loading=\"eager\" crossorigin=\"anonymous\" alt=\"Islandia dice &amp;ldquo;no&amp;rdquo; a la UE y deja en evidencia las tensiones del proyecto europeo.\" title=\"Islandia dice &amp;ldquo;no&amp;rdquo; a la UE y deja en evidencia las tensiones del proyecto europeo.\" width=\"640\" height=\"417\" id=\"8243359-Libre-627586393_embed\"><\/div>\n<div class=\"embed_wrapper-cont\" id=\"p-1788192952467-73158\" readability=\"6\">\n<div id=\"8243359-Libre-627586393_epigrafe\" class=\"embed_epigrafe\" readability=\"7\">\n<p id=\"p-1788192985016-54457\">Islandia dice \u201cno\u201d a la UE y deja en evidencia las tensiones del proyecto europeo.<\/p>\n<\/div>\n<p>Unsplash<\/p>\n<\/div><\/div>\n<h2 id=\"p-1788192202393-70305\">Un resultado que entusiasma a los cr\u00edticos de Bruselas<\/h2>\n<p id=\"p-1788192202393-83895\">El rechazo tambi\u00e9n tuvo una repercusi\u00f3n pol\u00edtica fuera de Islandia. Dirigentes contrarios a una mayor integraci\u00f3n europea celebraron el resultado y lo presentaron como una <strong>defensa de la soberan\u00eda nacional<\/strong>.<\/p>\n<p id=\"p-1788192202393-17866\">La l\u00edder de la extrema derecha francesa, <strong>Marine Le Pen<\/strong>, sostuvo que el resultado demostraba el atractivo de una Europa de <strong>\u201cnaciones libres y soberanas\u201d.<\/strong> Por su parte, <strong>Nigel Farage<\/strong>, una de las figuras vinculadas al Brexit, felicit\u00f3 a los islandeses por haber \u201cvotado para <strong>preservar su independencia<\/strong>\u201d.<\/p>\n<p id=\"p-1788192202393-38560\">En la misma l\u00ednea, el eurodiputado italiano<strong> Nicola Procaccini <\/strong>consider\u00f3 que Bruselas deber\u00eda analizar por qu\u00e9 \u201cun pa\u00eds europeo <strong>pr\u00f3spero, democr\u00e1tico y abierto al mundo<\/strong>\u201d decidi\u00f3 no reabrir el proceso de adhesi\u00f3n.<\/p>\n<p id=\"p-1788192202393-22788\">Desde una posici\u00f3n diferente, la eurodiputada ecologista belga <strong>Saskia Bricmont<\/strong> resumi\u00f3 el resultado con una frase cr\u00edtica: \u201cla constataci\u00f3n es clara: <strong>la UE hoy ya no hace so\u00f1ar<\/strong>\u201d.<\/p>\n<h2 id=\"p-1788192202393-73585\">El desaf\u00edo para la Uni\u00f3n Europea<\/h2>\n<p id=\"p-1788192202393-47089\">Para Bruselas, el rechazo llega en un momento en el que ampliar el bloque sigue siendo un <strong>proceso complejo y lento<\/strong>. Islandia era considerada un candidato particularmente viable porque ya mantiene una relaci\u00f3n estrecha con la UE y comparte buena parte de sus estructuras econ\u00f3micas.<\/p>\n<p id=\"p-1788192202393-71030\">El resultado, por eso, tiene un peso que excede la decisi\u00f3n de un pa\u00eds de poco m\u00e1s de 390.000 habitantes. Tambi\u00e9n plantea una pregunta sobre la capacidad del proyecto europeo para generar<strong> nuevos apoyos<\/strong> en un contexto en el que los movimientos euroesc\u00e9pticos mantienen presencia en distintos pa\u00edses del continente.<\/p>\n<p id=\"p-1788192202393-45513\">El presidente del Consejo Europeo, <strong>Ant\u00f3nio Costa<\/strong>, busc\u00f3 bajar el tono al resultado y afirm\u00f3 que la <strong>UE \u201crespeta plenamente la elecci\u00f3n democr\u00e1tica\u201d<\/strong> de los islandeses.<\/p>\n<p id=\"p-1788192202393-62039\">Sin embargo, el rechazo fue interpretado dentro del propio Parlamento Europeo como una se\u00f1al de <strong>alerta<\/strong>. El eurodiputado centrista franc\u00e9s Sandro Gozi sostuvo que se trata de una \u201cadvertencia que Europa debe tomarse en serio\u201d.<\/p>\n<p id=\"p-1788192202393-29840\">Por ahora, Islandia continuar\u00e1 fuera del bloque y el Gobierno no retomar\u00e1 las conversaciones durante la actual legislatura. Para la UE, el desaf\u00edo ser\u00e1 sostener su v\u00ednculo con el pa\u00eds mientras enfrenta un interrogante m\u00e1s amplio: <strong>c\u00f3mo recuperar atractivo en una Europa donde la integraci\u00f3n ya no aparece como una opci\u00f3n inevitable para todos sus vecinos.<\/strong><\/p>\n<\/p><\/div>\n","protected":false},"excerpt":{"rendered":"<p>La consulta no defin\u00eda el ingreso inmediato de Islandia al bloque, sino si el Gobierno deb\u00eda volver a negociar las condiciones de una eventual adhesi\u00f3n. Aunque el resultado no es jur\u00eddicamente vinculante, la primera ministra Kristr\u00fan Frostad\u00f3ttir anticip\u00f3 que respetar\u00e1 la decisi\u00f3n de las urnas. \u201cQuiero ser absolutamente clara: este gobierno no retomar\u00e1 las negociaciones [&hellip;]<\/p>\n","protected":false},"author":2,"featured_media":12265,"comment_status":"closed","ping_status":"closed","sticky":false,"template":"","format":"standard","meta":{"jetpack_post_was_ever_published":false,"_jetpack_newsletter_access":"","_jetpack_dont_email_post_to_subs":false,"_jetpack_newsletter_tier_id":0,"_jetpack_memberships_contains_paywalled_content":false,"_jetpack_memberships_contains_paid_content":false,"footnotes":"","jetpack_publicize_message":"","jetpack_publicize_feature_enabled":true,"jetpack_social_post_already_shared":true,"jetpack_social_options":{"image_generator_settings":{"template":"highway","enabled":false},"version":2}},"categories":[20],"tags":[],"class_list":["post-12264","post","type-post","status-publish","format-standard","has-post-thumbnail","hentry","category-mundo"],"jetpack_publicize_connections":[],"jetpack_featured_media_url":"https:\/\/i0.wp.com\/infolanus.com\/wp-content\/uploads\/2026\/08\/islandia-le-da-la-espalda-a-la-ue-y-abre-un-nuevo-interrogante-para-europa.jpg?fit=706%2C460&ssl=1","jetpack_sharing_enabled":true,"jetpack_shortlink":"https:\/\/wp.me\/p9QtMr-3bO","_links":{"self":[{"href":"https:\/\/infolanus.com\/index.php\/wp-json\/wp\/v2\/posts\/12264","targetHints":{"allow":["GET"]}}],"collection":[{"href":"https:\/\/infolanus.com\/index.php\/wp-json\/wp\/v2\/posts"}],"about":[{"href":"https:\/\/infolanus.com\/index.php\/wp-json\/wp\/v2\/types\/post"}],"author":[{"embeddable":true,"href":"https:\/\/infolanus.com\/index.php\/wp-json\/wp\/v2\/users\/2"}],"replies":[{"embeddable":true,"href":"https:\/\/infolanus.com\/index.php\/wp-json\/wp\/v2\/comments?post=12264"}],"version-history":[{"count":0,"href":"https:\/\/infolanus.com\/index.php\/wp-json\/wp\/v2\/posts\/12264\/revisions"}],"wp:featuredmedia":[{"embeddable":true,"href":"https:\/\/infolanus.com\/index.php\/wp-json\/wp\/v2\/media\/12265"}],"wp:attachment":[{"href":"https:\/\/infolanus.com\/index.php\/wp-json\/wp\/v2\/media?parent=12264"}],"wp:term":[{"taxonomy":"category","embeddable":true,"href":"https:\/\/infolanus.com\/index.php\/wp-json\/wp\/v2\/categories?post=12264"},{"taxonomy":"post_tag","embeddable":true,"href":"https:\/\/infolanus.com\/index.php\/wp-json\/wp\/v2\/tags?post=12264"}],"curies":[{"name":"wp","href":"https:\/\/api.w.org\/{rel}","templated":true}]}}