{"id":12288,"date":"2026-09-03T22:21:48","date_gmt":"2026-09-04T01:21:48","guid":{"rendered":"https:\/\/infolanus.com\/index.php\/2026\/09\/03\/ruben-dario-insua-a-un-paso-de-volver-a-san-lorenzo-hay-acuerdo-de-palabra-y-tendria-su-tercer-ciclo\/"},"modified":"2026-09-03T22:21:48","modified_gmt":"2026-09-04T01:21:48","slug":"ruben-dario-insua-a-un-paso-de-volver-a-san-lorenzo-hay-acuerdo-de-palabra-y-tendria-su-tercer-ciclo","status":"publish","type":"post","link":"https:\/\/infolanus.com\/index.php\/2026\/09\/03\/ruben-dario-insua-a-un-paso-de-volver-a-san-lorenzo-hay-acuerdo-de-palabra-y-tendria-su-tercer-ciclo\/","title":{"rendered":"Rub\u00e9n Dar\u00edo Ins\u00faa, a un paso de volver a San Lorenzo: hay acuerdo de palabra y tendr\u00eda su tercer ciclo"},"content":{"rendered":"<div class=\"media_block\"><\/div>\n<p>Tras la salida de N\u00e9stor Gorosito del banco azulgrana, la dirigencia de<a target=\"_blank\" href=\"https:\/\/442.perfil.com\/noticias\/futbol\/san-lorenzo-anuncio-la-salida-de-pipo-gorosito-y-cambiara-de-dt-por-tercera-vez-en-el-ano.phtml\"><strong> San Lorenzo<\/strong> <\/a>se movi\u00f3 con velocidad para encontrar a su sucesor y habr\u00eda apostado por un viejo conocido de la casa. Salvo un imprevisto de \u00faltimo momento, <strong><a target=\"_blank\" href=\"https:\/\/442.perfil.com\/noticias\/futbol\/ricardo-caruso-lombardi-critico-a-barracas-central-y-ruben-dario-insua-fue-al-cruce-no-te-metas-conmigo-personalmente.phtml\">Rub\u00e9n Dar\u00edo Insua <\/a>sellar\u00e1 su regreso al club para dar comienzo a su tercera etapa al mando del primer equipo.<\/strong><\/p>\n<p>El acuerdo de palabra ser\u00eda total y el flamante v\u00ednculo se<strong> extender\u00eda hasta diciembre de 2027<\/strong>, seg\u00fan confirmaron especialistas del mercado de pases como C\u00e9sar Luis Merlo y Germ\u00e1n Garc\u00eda Grova.<\/p>\n<div>\n<figure class=\"image\"><img data-recalc-dims=\"1\" decoding=\"async\" alt=\"ins\u00faa\" height=\"350\" src=\"https:\/\/i0.wp.com\/fotos.perfil.com\/\/\/2026\/05\/31\/900\/0\/ruben-dario-insua-2250772.jpg?resize=640%2C350&#038;ssl=1\" width=\"640\" loading=\"lazy\"><figcaption>Rub\u00e9n Dar\u00edo Ins\u00faa<\/figcaption><\/figure>\n<\/div>\n<p>La negociaci\u00f3n dio un salto definitivo este jueves en Buenos Aires. Para destrabar el desembarco del <em>Gallego<\/em>, las partes deb\u00edan solucionar el principal escollo administrativo: el saldo de la deuda econ\u00f3mica que la instituci\u00f3n arrastraba con el DT y su cuerpo t\u00e9cnico desde su despido en abril de 2024.<\/p>\n<p>Tras una extensa cumbre entre los directivos y el abogado del entrenador, se alcanz\u00f3 un plan de pago satisfactorio y se pulieron las rispideces en torno a Roberto&nbsp;Oste, su hist\u00f3rico asistente de campo, allanando el camino para la firma formal y el cruce de contratos.<\/p>\n<h2>El antecedente reciente y un debut con gui\u00f1o al pasado<\/h2>\n<p>Insua arriba a Boedo luego de un ciclo de dos temporadas y 74 encuentros al frente de Barracas Central, conjunto con el que cosech\u00f3 22 victorias, 29 empates y 23 ca\u00eddas, logrando la&nbsp;clasificaci\u00f3n a la Copa Sudamericana.<\/p>\n<p>El experimentado estratega de 65 a\u00f1os, recordado por la conquista continental de la Sudamericana 2002 y por la reconstrucci\u00f3n institucional en su ciclo 2022-2024, volver\u00eda a asumir en un contexto muy complicado para la instituci\u00f3n.<\/p>\n<p>FMZ<\/p>\n<p> <!-- tags --> <\/p>\n","protected":false},"excerpt":{"rendered":"<p>Tras la salida de N\u00e9stor Gorosito del banco azulgrana, la dirigencia de San Lorenzo se movi\u00f3 con velocidad para encontrar a su sucesor y habr\u00eda apostado por un viejo conocido de la casa. Salvo un imprevisto de \u00faltimo momento, Rub\u00e9n Dar\u00edo Insua sellar\u00e1 su regreso al club para dar comienzo a su tercera etapa al [&hellip;]<\/p>\n","protected":false},"author":2,"featured_media":12289,"comment_status":"closed","ping_status":"closed","sticky":false,"template":"","format":"standard","meta":{"jetpack_post_was_ever_published":false,"_jetpack_newsletter_access":"","_jetpack_dont_email_post_to_subs":false,"_jetpack_newsletter_tier_id":0,"_jetpack_memberships_contains_paywalled_content":false,"_jetpack_memberships_contains_paid_content":false,"footnotes":"","jetpack_publicize_message":"","jetpack_publicize_feature_enabled":true,"jetpack_social_post_already_shared":true,"jetpack_social_options":{"image_generator_settings":{"template":"highway","enabled":false},"version":2}},"categories":[17],"tags":[],"class_list":["post-12288","post","type-post","status-publish","format-standard","has-post-thumbnail","hentry","category-deportes"],"jetpack_publicize_connections":[],"jetpack_featured_media_url":"https:\/\/i0.wp.com\/infolanus.com\/wp-content\/uploads\/2026\/09\/ruben-dario-insua-a-un-paso-de-volver-a-san-lorenzo-hay-acuerdo-de-palabra-y-tendria-su-tercer-ciclo.jpg?fit=900%2C493&ssl=1","jetpack_sharing_enabled":true,"jetpack_shortlink":"https:\/\/wp.me\/p9QtMr-3cc","_links":{"self":[{"href":"https:\/\/infolanus.com\/index.php\/wp-json\/wp\/v2\/posts\/12288","targetHints":{"allow":["GET"]}}],"collection":[{"href":"https:\/\/infolanus.com\/index.php\/wp-json\/wp\/v2\/posts"}],"about":[{"href":"https:\/\/infolanus.com\/index.php\/wp-json\/wp\/v2\/types\/post"}],"author":[{"embeddable":true,"href":"https:\/\/infolanus.com\/index.php\/wp-json\/wp\/v2\/users\/2"}],"replies":[{"embeddable":true,"href":"https:\/\/infolanus.com\/index.php\/wp-json\/wp\/v2\/comments?post=12288"}],"version-history":[{"count":0,"href":"https:\/\/infolanus.com\/index.php\/wp-json\/wp\/v2\/posts\/12288\/revisions"}],"wp:featuredmedia":[{"embeddable":true,"href":"https:\/\/infolanus.com\/index.php\/wp-json\/wp\/v2\/media\/12289"}],"wp:attachment":[{"href":"https:\/\/infolanus.com\/index.php\/wp-json\/wp\/v2\/media?parent=12288"}],"wp:term":[{"taxonomy":"category","embeddable":true,"href":"https:\/\/infolanus.com\/index.php\/wp-json\/wp\/v2\/categories?post=12288"},{"taxonomy":"post_tag","embeddable":true,"href":"https:\/\/infolanus.com\/index.php\/wp-json\/wp\/v2\/tags?post=12288"}],"curies":[{"name":"wp","href":"https:\/\/api.w.org\/{rel}","templated":true}]}}