{"id":12294,"date":"2026-09-04T20:14:19","date_gmt":"2026-09-04T23:14:19","guid":{"rendered":"https:\/\/infolanus.com\/index.php\/2026\/09\/04\/representa-lo-peor-de-la-seleccion-argentina-la-feroz-critica-de-un-reconocido-medio-estadounidense-a-enzo-fernandez\/"},"modified":"2026-09-04T20:14:19","modified_gmt":"2026-09-04T23:14:19","slug":"representa-lo-peor-de-la-seleccion-argentina-la-feroz-critica-de-un-reconocido-medio-estadounidense-a-enzo-fernandez","status":"publish","type":"post","link":"https:\/\/infolanus.com\/index.php\/2026\/09\/04\/representa-lo-peor-de-la-seleccion-argentina-la-feroz-critica-de-un-reconocido-medio-estadounidense-a-enzo-fernandez\/","title":{"rendered":"&#8220;Representa lo peor de la Selecci\u00f3n Argentina&#8221;: la feroz cr\u00edtica de un reconocido medio estadounidense a Enzo Fern\u00e1ndez"},"content":{"rendered":"<div class=\"media_block\"><\/div>\n<p>El multimillonario traspaso de<strong> <a target=\"_blank\" href=\"https:\/\/442.perfil.com\/noticias\/futbol\/enzo-fernandez-manchester-city-refuerzo-chelsea-transferencia-record.phtml\">Enzo Fern\u00e1ndez al Manchester City por 162 millones de d\u00f3lares<\/a><\/strong>, cifra que igual\u00f3 el r\u00e9cord hist\u00f3rico de compras en el f\u00fatbol brit\u00e1nico,&nbsp;<strong>desat\u00f3 un fuerte debate en los medios internacionales<\/strong>, <strong>especialmente en un art\u00edculo norteamericano escrito por un ingl\u00e9s.<\/strong><\/p>\n<p>Una extensa columna publicada por<strong> Daniel Taylor <\/strong>en <em><strong>The Athletic<\/strong><\/em>, la secci\u00f3n deportiva de<em> The New York Times<\/em>, puso bajo la lupa las luces y sombras del volante argentino con un t\u00edtulo y texto&nbsp;provocador:<strong> \u201c\u00bfQui\u00e9n es el verdadero Enzo Fern\u00e1ndez?\u201d<\/strong>. La publicaci\u00f3n describe al ex River como &#8220;<strong>uno de los futbolistas m\u00e1s pol\u00e9micos del f\u00fatbol ingl\u00e9s&#8221;.&nbsp;<\/strong><\/p>\n<p class=\"destacadoNota\"><a target=\"_blank\" href=\"https:\/\/442.perfil.com\/noticias\/futbol\/el-mapa-de-los-millones-en-el-futbol-tras-la-llegada-de-enzo-al-manchester-city-asi-quedo-el-top-10-compras-mas-caras-de-la-historia.phtml\">El mapa de los millones en el f\u00fatbol: tras la llegada de Enzo al Manchester City, as\u00ed qued\u00f3 el top 10 compras m\u00e1s caras de la historia<\/a><\/p>\n<div>\n<figure class=\"image\"><img data-recalc-dims=\"1\" decoding=\"async\" alt=\"enzo \" height=\"330\" src=\"https:\/\/i0.wp.com\/fotos.perfil.com\/\/\/2026\/09\/02\/900\/0\/enzo-fernandez-2318005.jpg?resize=612%2C330&#038;ssl=1\" width=\"612\" loading=\"lazy\"><figcaption>Enzo Fern\u00e1ndez, nuevo jugador del Manchester City<\/figcaption><\/figure>\n<\/div>\n<p>En el texto se expone la visi\u00f3n de sus cr\u00edticos m\u00e1s severos, quienes<strong> \u201clo describen como alguien con alma de carterista, que representa lo peor de la selecci\u00f3n argentina y a quien resulta dif\u00edcil querer<\/strong>, a pesar de su indudable talento\u201d, mientras que sus defensores sostienen que \u201cno merece su imagen de chico malo, ni los abucheos y las faltas de respeto que ha recibido\u201d.<\/p>\n<p>A trav\u00e9s de testimonios de excompa\u00f1eros, entrenadores y allegados, el art\u00edculo reconstruye su trayectoria y se\u00f1ala los episodios que &#8220;condicionaron&#8221; su reputaci\u00f3n en Europa. Entre ellos, rememora el c\u00e1ntico con t\u00e9rminos racistas y hom\u00f3fobos hacia jugadores franceses tras ganar la Copa Am\u00e9rica 2024, su expulsi\u00f3n en la final del Mundial 2026 frente a Espa\u00f1a y las 14 tarjetas amarillas que acumul\u00f3&nbsp;por protestar desde su llegada al Chelsea.<\/p>\n<p>Fuentes citadas en la nota manifestaron dudas sobre su templanza en momentos l\u00edmite:<strong> \u201cUna de las quejas sobre Fern\u00e1ndez es que tiende a culpar demasiado r\u00e1pido a otros si comete alg\u00fan error\u201d<\/strong>, al tiempo que se cuestion\u00f3 su autocontrol emocional y capacidad de liderazgo.<\/p>\n<div>\n<figure class=\"image\"><img data-recalc-dims=\"1\" decoding=\"async\" alt=\"enzo\" height=\"344\" src=\"https:\/\/i0.wp.com\/fotos.perfil.com\/\/\/2026\/07\/07\/900\/0\/enzo-fernandez-2278018.jpg?resize=640%2C344&#038;ssl=1\" width=\"640\" loading=\"lazy\"><figcaption>Enzo con la camiseta de la Selecci\u00f3n Argentina<\/figcaption><\/figure>\n<\/div>\n<p>La investigaci\u00f3n period\u00edstica tambi\u00e9n revel\u00f3 los detalles de su salida de Stamford Bridge, incluyendo la sanci\u00f3n de dos partidos que le aplic\u00f3 el club en abril por criticar manejos institucionales, as\u00ed como sus cruces internos con el ex entrenador Liam Rosenior.<\/p>\n<p>Como contrapartida, el art\u00edculo traza un paralelismo con el paso de Carlos Tevez por el conjunto <em>ciudadano<\/em>, rescatando la notable transformaci\u00f3n futbol\u00edstica que logr\u00f3 Maresca al convertirlo en un volante con llegada al gol.<\/p>\n<p>Con la camiseta n\u00famero 17 en la espalda, Enzo intentar\u00e1 que su rendimiento en el Etihad Stadium termine de callar las pol\u00e9micas que lo persiguen fuera de la cancha.<\/p>\n<p>FMZ<\/p>\n<p> <!-- tags --> <\/p>\n","protected":false},"excerpt":{"rendered":"<p>El multimillonario traspaso de Enzo Fern\u00e1ndez al Manchester City por 162 millones de d\u00f3lares, cifra que igual\u00f3 el r\u00e9cord hist\u00f3rico de compras en el f\u00fatbol brit\u00e1nico,&nbsp;desat\u00f3 un fuerte debate en los medios internacionales, especialmente en un art\u00edculo norteamericano escrito por un ingl\u00e9s. Una extensa columna publicada por Daniel Taylor en The Athletic, la secci\u00f3n deportiva [&hellip;]<\/p>\n","protected":false},"author":2,"featured_media":12295,"comment_status":"closed","ping_status":"closed","sticky":false,"template":"","format":"standard","meta":{"jetpack_post_was_ever_published":false,"_jetpack_newsletter_access":"","_jetpack_dont_email_post_to_subs":false,"_jetpack_newsletter_tier_id":0,"_jetpack_memberships_contains_paywalled_content":false,"_jetpack_memberships_contains_paid_content":false,"footnotes":"","jetpack_publicize_message":"","jetpack_publicize_feature_enabled":true,"jetpack_social_post_already_shared":true,"jetpack_social_options":{"image_generator_settings":{"template":"highway","enabled":false},"version":2}},"categories":[17],"tags":[],"class_list":["post-12294","post","type-post","status-publish","format-standard","has-post-thumbnail","hentry","category-deportes"],"jetpack_publicize_connections":[],"jetpack_featured_media_url":"https:\/\/i0.wp.com\/infolanus.com\/wp-content\/uploads\/2026\/09\/representa-lo-peor-de-la-seleccion-argentina-la-feroz-critica-de-un-reconocido-medio-estadounidense-a-enzo-fernandez.jpg?fit=900%2C485&ssl=1","jetpack_sharing_enabled":true,"jetpack_shortlink":"https:\/\/wp.me\/p9QtMr-3ci","_links":{"self":[{"href":"https:\/\/infolanus.com\/index.php\/wp-json\/wp\/v2\/posts\/12294","targetHints":{"allow":["GET"]}}],"collection":[{"href":"https:\/\/infolanus.com\/index.php\/wp-json\/wp\/v2\/posts"}],"about":[{"href":"https:\/\/infolanus.com\/index.php\/wp-json\/wp\/v2\/types\/post"}],"author":[{"embeddable":true,"href":"https:\/\/infolanus.com\/index.php\/wp-json\/wp\/v2\/users\/2"}],"replies":[{"embeddable":true,"href":"https:\/\/infolanus.com\/index.php\/wp-json\/wp\/v2\/comments?post=12294"}],"version-history":[{"count":0,"href":"https:\/\/infolanus.com\/index.php\/wp-json\/wp\/v2\/posts\/12294\/revisions"}],"wp:featuredmedia":[{"embeddable":true,"href":"https:\/\/infolanus.com\/index.php\/wp-json\/wp\/v2\/media\/12295"}],"wp:attachment":[{"href":"https:\/\/infolanus.com\/index.php\/wp-json\/wp\/v2\/media?parent=12294"}],"wp:term":[{"taxonomy":"category","embeddable":true,"href":"https:\/\/infolanus.com\/index.php\/wp-json\/wp\/v2\/categories?post=12294"},{"taxonomy":"post_tag","embeddable":true,"href":"https:\/\/infolanus.com\/index.php\/wp-json\/wp\/v2\/tags?post=12294"}],"curies":[{"name":"wp","href":"https:\/\/api.w.org\/{rel}","templated":true}]}}