{"id":12298,"date":"2026-09-05T09:37:52","date_gmt":"2026-09-05T12:37:52","guid":{"rendered":"https:\/\/infolanus.com\/index.php\/2026\/09\/05\/franco-colapinto-buscara-dar-el-golpe-en-la-clasificacion-del-gp-de-italia-a-que-hora-es-y-por-donde-verlo-en-vivo\/"},"modified":"2026-09-05T09:37:52","modified_gmt":"2026-09-05T12:37:52","slug":"franco-colapinto-buscara-dar-el-golpe-en-la-clasificacion-del-gp-de-italia-a-que-hora-es-y-por-donde-verlo-en-vivo","status":"publish","type":"post","link":"https:\/\/infolanus.com\/index.php\/2026\/09\/05\/franco-colapinto-buscara-dar-el-golpe-en-la-clasificacion-del-gp-de-italia-a-que-hora-es-y-por-donde-verlo-en-vivo\/","title":{"rendered":"Franco Colapinto buscar\u00e1 dar el golpe en la clasificaci\u00f3n del GP de Italia: a qu\u00e9 hora es y por d\u00f3nde verlo en vivo"},"content":{"rendered":"<div class=\"media_block\"><\/div>\n<p>En una jornada hist\u00f3rica para <a target=\"_blank\" href=\"https:\/\/442.perfil.com\/noticias\/automovilismo\/duro-golpe-para-alpine-en-la-formula-1-pierre-gasly-perdio-el-podio-de-monaco-por-sancion.phtml\"><strong>Alpine <\/strong><\/a>y el automovilismo nacional,<strong><a target=\"_blank\" href=\"https:\/\/442.perfil.com\/noticias\/automovilismo\/franco-colapinto-en-las-ultimas-practicas-libres-del-gp-de-italia.phtml\">Franco Colapinto <\/a>complet\u00f3 una clasificaci\u00f3n consagratoria<\/strong> en el m\u00edtico circuito de Monza y se asegur\u00f3 una posici\u00f3n de privilegio para la carrera del domingo en el Gran Premio de Italia.<\/p>\n<p>Tras avanzar a paso firme en cada corte clasificatorio, el piloto argentino cerr\u00f3 la Q3 en el <strong>octavo puesto<\/strong>, pero gracias a una <strong>penalizaci\u00f3n <\/strong>aplicada a<strong> Kimi Antonelli<\/strong>, <strong>largar\u00e1 desde el s\u00e9ptimo lugar<\/strong> de la grilla.<\/p>\n<p>La fiesta para la escuder\u00eda francesa en el Templo de la Velocidad fue absoluta: mientras Pierre Gasly sorprendi\u00f3 al paddock al adjudicarse una brillante <em>pole position<\/em>, ambos monoplazas ratificaron el salto de calidad exhibido desde la Q1, donde el galo fue l\u00edder y el bonaerense finaliz\u00f3 cuarto. Colapinto sostuvo el ritmo en la Q2 con una marca de 1:22.400 y redondearon un s\u00e1bado so\u00f1ado que<strong> dej\u00f3 al pilarense en las primeras filas de partida de cara a la gran cita en Monza.<\/strong><\/p>\n<div>\n<figure class=\"image\"><img data-recalc-dims=\"1\" decoding=\"async\" alt=\"colapinto\" height=\"344\" src=\"https:\/\/i0.wp.com\/fotos.perfil.com\/\/\/2026\/09\/05\/900\/0\/franco-colapinto-2319635.jpg?resize=640%2C344&#038;ssl=1\" width=\"640\" loading=\"lazy\"><figcaption>Franco Colapinto en el circuito de Monza<\/figcaption><\/figure>\n<\/div>\n<h2>Sorpresiva Q1: los Alpine dominaron el primer parcial<\/h2>\n<p>Luego de unos instantes del comienzo de la sesi\u00f3n, todos los pilotos saltaron a pista casi al instante, sabiendo que cada segundo ser\u00eda crucial para conseguir los mejores tiempos. No obstante, <strong>ambos Alpine reci\u00e9n salieron al cabo de varios minutos.<\/strong><\/p>\n<p>El primer registro de<strong> Franco Colapinto <\/strong>fue muy veloz y r\u00e1pidamente logr\u00f3 treparse a los puestos de vanguardia, con un gran parcial de <strong>1:22.662.<\/strong><\/p>\n<p>Lo verdaderamente llamativo es que, con un solo compuesto de neum\u00e1ticos blandos y apenas algunos giros en pista, <strong>los Alpine sellaron su clasificaci\u00f3n a la Q2<\/strong>, algo que usualmente les costaba, y mucho.<\/p>\n<p>Finalmente, los Alpine dominaron la Q1:<strong> Pierre Gasly culmin\u00f3 primero<\/strong>, mientras qu<strong>e Franco Colapinto sell\u00f3 un excelente cuarto lugar.<\/strong><\/p>\n<h2>Colapinto y Gasly pasaron la Q2<\/h2>\n<p>La segunda tanda clasificatoria arranc\u00f3 con un Max Verstappen con muchas ganas de asegurarse un lugar en la \u00faltima ronda. Minutos m\u00e1s tarde, fue el turno de ambos Alpine.<\/p>\n<div>\n<figure class=\"image\"><img data-recalc-dims=\"1\" decoding=\"async\" alt=\"colapinto\" height=\"331\" src=\"https:\/\/i0.wp.com\/fotos.perfil.com\/\/\/2026\/09\/04\/900\/0\/franco-colapinto-en-el-gp-de-italia-2319133.jpg?resize=589%2C331&#038;ssl=1\" width=\"589\" loading=\"lazy\"><figcaption>Las mejoras en el Apine ayudaron por completo a Franco Colapinto<\/figcaption><\/figure>\n<\/div>\n<p><strong>La escuder\u00eda francesa dio pelea en todo momento y siempre estuvo en puestos de vanguardia<\/strong>, luchando contra los gigantes como McLaren, Ferrari o Mercedes.<\/p>\n<p>Finalmente, <strong>Franco y Pierre se metieron a la \u00faltima tanda<\/strong>:<strong> Colapinto logr\u00f3 un excelente 1:22.400 en el octavo puesto<\/strong>, mientras que <strong>Gasly culmin\u00f3 cuarto.<\/strong><\/p>\n<h2>Q3: Gasly hizo la pole y Colapinto termin\u00f3 s\u00e9ptimo<\/h2>\n<p>En una impresionante Q3<strong>, Alpine se qued\u00f3 con la flamante pole position<\/strong>: <strong>el franc\u00e9s compa\u00f1ero de Colapinto fue el m\u00e1s r\u00e1pido del s\u00e1bado con un impresionante registro.<\/strong><\/p>\n<p>Por su parte, Franco Colapinto mejor\u00f3 todos sus parciales y termin\u00f3 en el octavo lugar. No obstante, debido a la sanci\u00f3n a Kimi Antonelli,<strong> el argentino largar\u00e1 desde el s\u00e9ptimo lugar.<\/strong><\/p>\n<div>\n<figure class=\"image\"><img data-recalc-dims=\"1\" decoding=\"async\" alt=\"colapinto y gasly\" height=\"358\" src=\"https:\/\/i0.wp.com\/fotos.perfil.com\/\/\/2026\/05\/14\/900\/0\/franco-colapinto-y-pierre-gasly-2240312.jpg?resize=637%2C358&#038;ssl=1\" width=\"637\" loading=\"lazy\"><figcaption>Franco Colapinto y Pierre Gasly, los due\u00f1os de la clasificaci\u00f3n en Monza<\/figcaption><\/figure>\n<\/div>\n<h2>C\u00f3mo le fue a Franco Colapinto en las \u00faltimas pr\u00e1cticas libres<\/h2>\n<p><strong>Franco Colapinto<\/strong>&nbsp;complet\u00f3 la \u00faltima sesi\u00f3n de entrenamientos libres del&nbsp;<strong>Gran Premio de Italia<\/strong>&nbsp;con sensaciones muy positivas y&nbsp;<strong>se meti\u00f3 entre los diez mejores en Monza.&nbsp;<\/strong><\/p>\n<p>El piloto argentino cerr\u00f3 la tanda en el d\u00e9cimo puesto tras registrar un tiempo de&nbsp;<strong>1:23.101&nbsp;<\/strong>en el tramo final, quedando&nbsp;<strong>a muy poca distancia de su compa\u00f1ero en Alpine, Pierre Gasly.<\/strong><\/p>\n<p><strong>FMZ<\/strong><\/p>\n<p> <!-- tags --> <\/p>\n","protected":false},"excerpt":{"rendered":"<p>En una jornada hist\u00f3rica para Alpine y el automovilismo nacional,Franco Colapinto complet\u00f3 una clasificaci\u00f3n consagratoria en el m\u00edtico circuito de Monza y se asegur\u00f3 una posici\u00f3n de privilegio para la carrera del domingo en el Gran Premio de Italia. Tras avanzar a paso firme en cada corte clasificatorio, el piloto argentino cerr\u00f3 la Q3 en [&hellip;]<\/p>\n","protected":false},"author":2,"featured_media":12299,"comment_status":"closed","ping_status":"closed","sticky":false,"template":"","format":"standard","meta":{"jetpack_post_was_ever_published":false,"_jetpack_newsletter_access":"","_jetpack_dont_email_post_to_subs":false,"_jetpack_newsletter_tier_id":0,"_jetpack_memberships_contains_paywalled_content":false,"_jetpack_memberships_contains_paid_content":false,"footnotes":"","jetpack_publicize_message":"","jetpack_publicize_feature_enabled":true,"jetpack_social_post_already_shared":true,"jetpack_social_options":{"image_generator_settings":{"template":"highway","enabled":false},"version":2}},"categories":[17],"tags":[],"class_list":["post-12298","post","type-post","status-publish","format-standard","has-post-thumbnail","hentry","category-deportes"],"jetpack_publicize_connections":[],"jetpack_featured_media_url":"https:\/\/i0.wp.com\/infolanus.com\/wp-content\/uploads\/2026\/09\/franco-colapinto-buscara-dar-el-golpe-en-la-clasificacion-del-gp-de-italia-a-que-hora-es-y-por-donde-verlo-en-vivo.jpg?fit=900%2C485&ssl=1","jetpack_sharing_enabled":true,"jetpack_shortlink":"https:\/\/wp.me\/p9QtMr-3cm","_links":{"self":[{"href":"https:\/\/infolanus.com\/index.php\/wp-json\/wp\/v2\/posts\/12298","targetHints":{"allow":["GET"]}}],"collection":[{"href":"https:\/\/infolanus.com\/index.php\/wp-json\/wp\/v2\/posts"}],"about":[{"href":"https:\/\/infolanus.com\/index.php\/wp-json\/wp\/v2\/types\/post"}],"author":[{"embeddable":true,"href":"https:\/\/infolanus.com\/index.php\/wp-json\/wp\/v2\/users\/2"}],"replies":[{"embeddable":true,"href":"https:\/\/infolanus.com\/index.php\/wp-json\/wp\/v2\/comments?post=12298"}],"version-history":[{"count":0,"href":"https:\/\/infolanus.com\/index.php\/wp-json\/wp\/v2\/posts\/12298\/revisions"}],"wp:featuredmedia":[{"embeddable":true,"href":"https:\/\/infolanus.com\/index.php\/wp-json\/wp\/v2\/media\/12299"}],"wp:attachment":[{"href":"https:\/\/infolanus.com\/index.php\/wp-json\/wp\/v2\/media?parent=12298"}],"wp:term":[{"taxonomy":"category","embeddable":true,"href":"https:\/\/infolanus.com\/index.php\/wp-json\/wp\/v2\/categories?post=12298"},{"taxonomy":"post_tag","embeddable":true,"href":"https:\/\/infolanus.com\/index.php\/wp-json\/wp\/v2\/tags?post=12298"}],"curies":[{"name":"wp","href":"https:\/\/api.w.org\/{rel}","templated":true}]}}