{"id":142,"date":"2018-04-18T16:31:22","date_gmt":"2018-04-18T19:31:22","guid":{"rendered":"http:\/\/infolanus.com\/?p=142"},"modified":"2018-04-18T16:31:22","modified_gmt":"2018-04-18T19:31:22","slug":"la-uom-anuncio-paro-y-movilizacion-para-el-3-de-mayo","status":"publish","type":"post","link":"https:\/\/infolanus.com\/index.php\/2018\/04\/18\/la-uom-anuncio-paro-y-movilizacion-para-el-3-de-mayo\/","title":{"rendered":"La UOM anunci\u00f3 paro y movilizaci\u00f3n para el 3 de mayo"},"content":{"rendered":"<p>El titular de la Uni\u00f3n Obrera Metal\u00fargica (UOM), Antonio Cal\u00f3, anunci\u00f3 un paro nacional con movilizaci\u00f3n ante la falta de acuerdo en la negociaci\u00f3n salarial con los empresarios, en el marco de la paritaria.<\/p>\n<p>Al registrarse un nuevo fracaso en la cuarta reuni\u00f3n oficial que mantuvieron representantes del sector empresario y dirigentes de la UOM, Cal\u00f3 habl\u00f3 con Cadena 3 desde Mar del Plata y anunci\u00f3 que los congresales del gremio definieron por unanimidad la fecha del paro para el jueves 13 de mayo. <\/p>\n<p>La UOM reclama un haber inicial de $ 17.000, que representa el valor aproximado de la canasta b\u00e1sica.<\/p>\n<p>Al t\u00e9rmino del encuentro del que participaron 300 congresales, Cal\u00f3 dijo que las negociaciones paritarias con los empresarios &#8220;est\u00e1n estancadas luego de cuatro reuniones&#8221;, y calific\u00f3 como &#8220;una burla&#8221; la \u00faltima oferta de aumento, que prev\u00e9 un 12 por ciento &#8220;en tres tramos de 6, 3 y 3 por ciento, entre abril y noviembre&#8221;.<\/p>\n<p>Las medidas anunciadas incluyen la realizaci\u00f3n de asambleas en las f\u00e1bricas entre el martes y el viernes de la pr\u00f3xima semana, luego de que se concrete una nueva reuni\u00f3n entre los l\u00edderes metal\u00fargicos y los empresarios, programada para el lunes 23.<\/p>\n<p>El 3 de mayo, seg\u00fan lo aprobado en el congreso, se concretara el paro por 24 horas a partir de las 10, con movilizaci\u00f3n a Plaza de Mayo y a las principales plazas de las distintas seccionales del pa\u00eds.<\/p>\n<p>Aunque los delegados de algunos distritos presentaron mociones para que el paro se realizara sin mayores demoras a partir del lunes pr\u00f3ximo, Cal\u00f3 pidi\u00f3 &#8220;responsabilidad&#8221; y &#8220;no tirar tiros al aire&#8221;, de cara a la nueva reuni\u00f3n convocada.<\/p>\n<p>El l\u00edder sindical dijo a T\u00e9lam que insistir\u00e1n con el reclamo para que &#8220;ning\u00fan trabajador gane menos de 17 mil pesos por mes y pueda cubrir la canasta b\u00e1sica&#8221;.<\/p>\n<p>&#8220;Tenemos que partir de esa base, porque no puede ser que un trabajador gane menos por hora que lo que cuesta un kilo de pan. Los empresarios dicen que es mucho, pero nosotros les dijimos que queremos el minino y despu\u00e9s discutiremos los porcentajes&#8221;, se\u00f1al\u00f3.<\/p>\n<p>En tanto, el dirigente estim\u00f3 que los empresarios &#8220;van a mantener su postura&#8221; de cara a la nueva reuni\u00f3n convocada para el pr\u00f3ximo lunes.<\/p>\n<p>&#8220;Lo sabemos, porque a este congreso en Mar del Plata nosotros quer\u00edamos traer un preacuerdo una carta de intenci\u00f3n, pero solo obtuvimos esta oferta que es una burla&#8221;, asegur\u00f3.<\/p>\n<p>En cuanto a los acuerdos alcanzados por otros gremios en torno al 15 por ciento, Cal\u00f3 destac\u00f3 que &#8220;cada sector toma sus decisiones, y lo hace de acuerdo a sus salarios&#8221; y agreg\u00f3: &#8220;Si yo tengo un sueldo de 13 mil pesos, no me sirve firmar un acuerdo del 15 por ciento&#8221;.<\/p>\n","protected":false},"excerpt":{"rendered":"<p>El titular de la Uni\u00f3n Obrera Metal\u00fargica (UOM), Antonio Cal\u00f3, anunci\u00f3 un paro nacional con movilizaci\u00f3n ante la falta de acuerdo en la negociaci\u00f3n salarial con los empresarios, en el marco de la paritaria. Al registrarse un nuevo fracaso en la cuarta reuni\u00f3n oficial que mantuvieron representantes del sector empresario y dirigentes de la UOM, [&hellip;]<\/p>\n","protected":false},"author":2,"featured_media":143,"comment_status":"open","ping_status":"open","sticky":false,"template":"","format":"standard","meta":{"jetpack_post_was_ever_published":false,"_jetpack_newsletter_access":"","_jetpack_dont_email_post_to_subs":false,"_jetpack_newsletter_tier_id":0,"_jetpack_memberships_contains_paywalled_content":false,"_jetpack_memberships_contains_paid_content":false,"footnotes":"","jetpack_publicize_message":"","jetpack_publicize_feature_enabled":true,"jetpack_social_post_already_shared":false,"jetpack_social_options":{"image_generator_settings":{"template":"highway","enabled":false},"version":2}},"categories":[16],"tags":[],"class_list":["post-142","post","type-post","status-publish","format-standard","has-post-thumbnail","hentry","category-politica"],"jetpack_publicize_connections":[],"jetpack_featured_media_url":"https:\/\/i0.wp.com\/infolanus.com\/wp-content\/uploads\/2018\/04\/antonio-calo.jpg?fit=1200%2C800&ssl=1","jetpack_sharing_enabled":true,"jetpack_shortlink":"https:\/\/wp.me\/p9QtMr-2i","_links":{"self":[{"href":"https:\/\/infolanus.com\/index.php\/wp-json\/wp\/v2\/posts\/142","targetHints":{"allow":["GET"]}}],"collection":[{"href":"https:\/\/infolanus.com\/index.php\/wp-json\/wp\/v2\/posts"}],"about":[{"href":"https:\/\/infolanus.com\/index.php\/wp-json\/wp\/v2\/types\/post"}],"author":[{"embeddable":true,"href":"https:\/\/infolanus.com\/index.php\/wp-json\/wp\/v2\/users\/2"}],"replies":[{"embeddable":true,"href":"https:\/\/infolanus.com\/index.php\/wp-json\/wp\/v2\/comments?post=142"}],"version-history":[{"count":1,"href":"https:\/\/infolanus.com\/index.php\/wp-json\/wp\/v2\/posts\/142\/revisions"}],"predecessor-version":[{"id":144,"href":"https:\/\/infolanus.com\/index.php\/wp-json\/wp\/v2\/posts\/142\/revisions\/144"}],"wp:featuredmedia":[{"embeddable":true,"href":"https:\/\/infolanus.com\/index.php\/wp-json\/wp\/v2\/media\/143"}],"wp:attachment":[{"href":"https:\/\/infolanus.com\/index.php\/wp-json\/wp\/v2\/media?parent=142"}],"wp:term":[{"taxonomy":"category","embeddable":true,"href":"https:\/\/infolanus.com\/index.php\/wp-json\/wp\/v2\/categories?post=142"},{"taxonomy":"post_tag","embeddable":true,"href":"https:\/\/infolanus.com\/index.php\/wp-json\/wp\/v2\/tags?post=142"}],"curies":[{"name":"wp","href":"https:\/\/api.w.org\/{rel}","templated":true}]}}