{"id":145,"date":"2018-04-18T16:34:11","date_gmt":"2018-04-18T19:34:11","guid":{"rendered":"http:\/\/infolanus.com\/?p=145"},"modified":"2018-04-18T16:34:11","modified_gmt":"2018-04-18T19:34:11","slug":"fin-de-una-era-en-cuba-arranco-sesion-parlamentaria-para-elegir-al-sustituto-de-raul-castro","status":"publish","type":"post","link":"https:\/\/infolanus.com\/index.php\/2018\/04\/18\/fin-de-una-era-en-cuba-arranco-sesion-parlamentaria-para-elegir-al-sustituto-de-raul-castro\/","title":{"rendered":"Fin de una era en Cuba: arranc\u00f3 sesi\u00f3n parlamentaria para elegir al sustituto de Ra\u00fal Castro"},"content":{"rendered":"<p>La Asamblea Nacional de Cuba inici\u00f3 este mi\u00e9rcoles una sesi\u00f3n de dos d\u00edas para elegir al nuevo presidente de la isla socialista, una transici\u00f3n hist\u00f3rica tras seis d\u00e9cadas de poder de los hermanos Castro.<\/p>\n<p>Los diputados nominaron formalmente al ingeniero Miguel D\u00edaz-Canel. <\/p>\n<p>Los m\u00e1s de 600 parlamentarios reunidos desde la ma\u00f1ana del mi\u00e9rcoles deber\u00e1n ahora votar por la candidatura presentada. <\/p>\n<p>Para acompa\u00f1ar a la candidatura de D\u00edaz-Canel, de 57 a\u00f1os y actual primer vicepresidente, ir\u00e1 el l\u00edder hist\u00f3rico sindical Salvador Vald\u00e9s. <\/p>\n<p>Ser\u00e1 la primera vez en m\u00e1s de cinco d\u00e9cadas que la m\u00e1xima dirigencia no estar\u00e1 liderada por una persona de apellido Castro, luego de que en 1959 triunfara la revoluci\u00f3n de los hermanos Fidel y Ra\u00fal. <\/p>\n<p>La ceremonia comenz\u00f3 luego de que Castro y su probable sucesor D\u00edaz-Canel, ingeniero de formaci\u00f3n, ingresaran a la sala del capitalino Palacio de las Convenciones. <\/p>\n<p>En primera instancia se instal\u00f3 el parlamento con la toma de juramento a los diputados. <\/p>\n<p>Sus votos son secretos y se considera que reflejan la voluntad de la alta direcci\u00f3n del pa\u00eds luego de un complejo proceso de varios meses que comenz\u00f3 con elecciones de base en cada cuadra, pues no existen los partidos pol\u00edticos. <\/p>\n<p>El diario del Partido Comunista, Granma, explic\u00f3 que los principales eventos de la Asamblea se transmitir\u00e1n el vivo, incluida la votaci\u00f3n para el Consejo de Estado consistente en un presidente, un primer vicepresidente, varios vicepresidentes y un cuerpo de 23 miembros. El resultado se anunciar\u00e1 el jueves, inform\u00f3 Granma. <\/p>\n<p>La fecha del jueves 19, cuando se conocer\u00eda oficialmente qui\u00e9n el nuevo presidente, es simb\u00f3lica: corresponde al 57\u00ba aniversario de la victoria en Bah\u00eda de Cochinos (Playa Gir\u00f3n), cuando fueron derrotadas las tropas anticastristas, preparadas y financiadas por Estados Unidos en 1961.<\/p>\n<p>Tras el triunfo de la revoluci\u00f3n en 1959 y la elecci\u00f3n de Fidel Castro como presidente en 1976, Cuba solo ha tenido una transici\u00f3n real. Fue en 2006, cuando Fidel enferm\u00f3 y le pas\u00f3 el mando a su hermano menor.<\/p>\n<p>Fidel Castro muri\u00f3 a fines de 2016 y ahora es Ra\u00fal, de 86 a\u00f1os, quien ceder\u00e1 su asiento a un representante de la nueva generaci\u00f3n.<\/p>\n<p>De no mediar sorpresas, Miguel D\u00edaz-Canel, un civil de 57 a\u00f1os y n\u00famero dos del gobierno desde 2013, asumir\u00e1 la responsabilidad.<\/p>\n<p>Durante varios a\u00f1os, D\u00edaz-Canel, nacido despu\u00e9s de la revoluci\u00f3n, ha representado regularmente al gobierno en el extranjero y sus apariciones en los medios han sido cada vez m\u00e1s frecuentes.<\/p>\n<p>Por primera vez en d\u00e9cadas, el presidente no ser\u00e1 un miembro hist\u00f3rico de la revoluci\u00f3n de 1959, no vestir\u00e1 el uniforme verde olivo ni ser\u00e1 el l\u00edder del gobernante Partido Comunista de Cuba (PCC), \u00fanico autorizado a existir en la isla.<\/p>\n<p>Pero podr\u00e1 suplir su d\u00e9ficit de legitimidad hist\u00f3rica con el apoyo de Ra\u00fal Castro, quien mantendr\u00e1 el liderazgo del PCC hasta 2021. En ese puesto, tendr\u00e1 que movilizar a la vieja guardia, percibida en su mayor\u00eda como reacia a los cambios m\u00e1s ambiciosos.<\/p>\n<p>El nivel de responsabilidad y el margen de maniobra que se le conceda como l\u00edder del nuevo Consejo de Estado ser\u00e1 una se\u00f1al de la voluntad de reforma que habr\u00e1 en esta nueva era.<\/p>\n<p>El futuro presidente deber\u00e1 aplicar reformas para reactivar una econom\u00eda que creci\u00f3 1,6% en 2017, altamente dependiente de las importaciones y de la ayuda de su hoy debilitada aliada Venezuela.<\/p>\n<p>La tarea m\u00e1s urgente es la unificaci\u00f3n de las dos monedas nacionales que circulan en el mercado, adem\u00e1s de la eliminaci\u00f3n de tasas de cambio preferenciales para empresas estatales -que son la mayor\u00eda en la isla- una situaci\u00f3n que genera distorsiones en la econom\u00eda.<\/p>\n","protected":false},"excerpt":{"rendered":"<p>La Asamblea Nacional de Cuba inici\u00f3 este mi\u00e9rcoles una sesi\u00f3n de dos d\u00edas para elegir al nuevo presidente de la isla socialista, una transici\u00f3n hist\u00f3rica tras seis d\u00e9cadas de poder de los hermanos Castro. Los diputados nominaron formalmente al ingeniero Miguel D\u00edaz-Canel. Los m\u00e1s de 600 parlamentarios reunidos desde la ma\u00f1ana del mi\u00e9rcoles deber\u00e1n ahora [&hellip;]<\/p>\n","protected":false},"author":2,"featured_media":146,"comment_status":"open","ping_status":"open","sticky":false,"template":"","format":"standard","meta":{"jetpack_post_was_ever_published":false,"_jetpack_newsletter_access":"","_jetpack_dont_email_post_to_subs":false,"_jetpack_newsletter_tier_id":0,"_jetpack_memberships_contains_paywalled_content":false,"_jetpack_memberships_contains_paid_content":false,"footnotes":"","jetpack_publicize_message":"","jetpack_publicize_feature_enabled":true,"jetpack_social_post_already_shared":false,"jetpack_social_options":{"image_generator_settings":{"template":"highway","enabled":false},"version":2}},"categories":[20],"tags":[46,47],"class_list":["post-145","post","type-post","status-publish","format-standard","has-post-thumbnail","hentry","category-mundo","tag-cuba","tag-fidel-castro"],"jetpack_publicize_connections":[],"jetpack_featured_media_url":"https:\/\/i0.wp.com\/infolanus.com\/wp-content\/uploads\/2018\/04\/parlamento-cuba.jpg?fit=758%2C485&ssl=1","jetpack_sharing_enabled":true,"jetpack_shortlink":"https:\/\/wp.me\/p9QtMr-2l","_links":{"self":[{"href":"https:\/\/infolanus.com\/index.php\/wp-json\/wp\/v2\/posts\/145","targetHints":{"allow":["GET"]}}],"collection":[{"href":"https:\/\/infolanus.com\/index.php\/wp-json\/wp\/v2\/posts"}],"about":[{"href":"https:\/\/infolanus.com\/index.php\/wp-json\/wp\/v2\/types\/post"}],"author":[{"embeddable":true,"href":"https:\/\/infolanus.com\/index.php\/wp-json\/wp\/v2\/users\/2"}],"replies":[{"embeddable":true,"href":"https:\/\/infolanus.com\/index.php\/wp-json\/wp\/v2\/comments?post=145"}],"version-history":[{"count":1,"href":"https:\/\/infolanus.com\/index.php\/wp-json\/wp\/v2\/posts\/145\/revisions"}],"predecessor-version":[{"id":147,"href":"https:\/\/infolanus.com\/index.php\/wp-json\/wp\/v2\/posts\/145\/revisions\/147"}],"wp:featuredmedia":[{"embeddable":true,"href":"https:\/\/infolanus.com\/index.php\/wp-json\/wp\/v2\/media\/146"}],"wp:attachment":[{"href":"https:\/\/infolanus.com\/index.php\/wp-json\/wp\/v2\/media?parent=145"}],"wp:term":[{"taxonomy":"category","embeddable":true,"href":"https:\/\/infolanus.com\/index.php\/wp-json\/wp\/v2\/categories?post=145"},{"taxonomy":"post_tag","embeddable":true,"href":"https:\/\/infolanus.com\/index.php\/wp-json\/wp\/v2\/tags?post=145"}],"curies":[{"name":"wp","href":"https:\/\/api.w.org\/{rel}","templated":true}]}}