{"id":148,"date":"2018-04-18T17:15:51","date_gmt":"2018-04-18T20:15:51","guid":{"rendered":"http:\/\/infolanus.com\/?p=148"},"modified":"2018-04-18T17:15:51","modified_gmt":"2018-04-18T20:15:51","slug":"lanus-prepara-la-tropa-con-la-mira-puesta-en-san-martin-de-san-juan","status":"publish","type":"post","link":"https:\/\/infolanus.com\/index.php\/2018\/04\/18\/lanus-prepara-la-tropa-con-la-mira-puesta-en-san-martin-de-san-juan\/","title":{"rendered":"Lan\u00fas prepara la tropa con la mira puesta en San Martin de San Juan"},"content":{"rendered":"<p>Luego del empate sin goles frente a Banfield del pasado Sabado, el conjunto de Ezequiel Carboni recupera soldados y se prepara para enfrentar al siempre dif\u00edcil San Martin de San Juan, encuentro que se disputar\u00e1 en la tierra del sol y del buen vino.<\/p>\n<p>El plantel realiz\u00f3 trabajos de gimnasio y en el campo de juego, donde el plantel realiz\u00f3 un intenso ejercicio t\u00e1ctico ofensivo y otro similar pero remarcando fundamentos en la tenencia del bal\u00f3n hasta 3\/4 de cancha.<\/p>\n<p>El defensor Marcelo Herrera y el mediocampista Leandro Maciel trotaron en el cesped, debido a una molestia en la zona lumbar y a una sobrecarga en el isquiotibial derecho respectivamente. Por su parte, el zaguero Nehuen Paz complet\u00f3 tareas especificas con el kinesiologo Javier Rios y el preparador fisico H\u00e9ctor C\u00e1ceres, para recuperase del desgarro que sufri\u00f3 en el encuentro frente a Temperley.<\/p>\n","protected":false},"excerpt":{"rendered":"<p>Luego del empate sin goles frente a Banfield del pasado Sabado, el conjunto de Ezequiel Carboni recupera soldados y se prepara para enfrentar al siempre dif\u00edcil San Martin de San Juan, encuentro que se disputar\u00e1 en la tierra del sol y del buen vino. El plantel realiz\u00f3 trabajos de gimnasio y en el campo de [&hellip;]<\/p>\n","protected":false},"author":2,"featured_media":151,"comment_status":"open","ping_status":"open","sticky":false,"template":"","format":"standard","meta":{"jetpack_post_was_ever_published":false,"_jetpack_newsletter_access":"","_jetpack_dont_email_post_to_subs":false,"_jetpack_newsletter_tier_id":0,"_jetpack_memberships_contains_paywalled_content":false,"_jetpack_memberships_contains_paid_content":false,"footnotes":"","jetpack_publicize_message":"","jetpack_publicize_feature_enabled":true,"jetpack_social_post_already_shared":false,"jetpack_social_options":{"image_generator_settings":{"template":"highway","enabled":false},"version":2}},"categories":[17],"tags":[49,23,48,50],"class_list":["post-148","post","type-post","status-publish","format-standard","has-post-thumbnail","hentry","category-deportes","tag-ezequiel-carboni","tag-lanus","tag-san-martin-de-san-juan","tag-superliga"],"jetpack_publicize_connections":[],"jetpack_featured_media_url":"https:\/\/i0.wp.com\/infolanus.com\/wp-content\/uploads\/2018\/04\/Screenshot_20180418-171106.jpg?fit=968%2C979&ssl=1","jetpack_sharing_enabled":true,"jetpack_shortlink":"https:\/\/wp.me\/p9QtMr-2o","_links":{"self":[{"href":"https:\/\/infolanus.com\/index.php\/wp-json\/wp\/v2\/posts\/148","targetHints":{"allow":["GET"]}}],"collection":[{"href":"https:\/\/infolanus.com\/index.php\/wp-json\/wp\/v2\/posts"}],"about":[{"href":"https:\/\/infolanus.com\/index.php\/wp-json\/wp\/v2\/types\/post"}],"author":[{"embeddable":true,"href":"https:\/\/infolanus.com\/index.php\/wp-json\/wp\/v2\/users\/2"}],"replies":[{"embeddable":true,"href":"https:\/\/infolanus.com\/index.php\/wp-json\/wp\/v2\/comments?post=148"}],"version-history":[{"count":2,"href":"https:\/\/infolanus.com\/index.php\/wp-json\/wp\/v2\/posts\/148\/revisions"}],"predecessor-version":[{"id":150,"href":"https:\/\/infolanus.com\/index.php\/wp-json\/wp\/v2\/posts\/148\/revisions\/150"}],"wp:featuredmedia":[{"embeddable":true,"href":"https:\/\/infolanus.com\/index.php\/wp-json\/wp\/v2\/media\/151"}],"wp:attachment":[{"href":"https:\/\/infolanus.com\/index.php\/wp-json\/wp\/v2\/media?parent=148"}],"wp:term":[{"taxonomy":"category","embeddable":true,"href":"https:\/\/infolanus.com\/index.php\/wp-json\/wp\/v2\/categories?post=148"},{"taxonomy":"post_tag","embeddable":true,"href":"https:\/\/infolanus.com\/index.php\/wp-json\/wp\/v2\/tags?post=148"}],"curies":[{"name":"wp","href":"https:\/\/api.w.org\/{rel}","templated":true}]}}