{"id":1496,"date":"2018-12-28T12:29:51","date_gmt":"2018-12-28T15:29:51","guid":{"rendered":"http:\/\/infolanus.com\/?p=1496"},"modified":"2018-12-28T12:29:51","modified_gmt":"2018-12-28T15:29:51","slug":"el-municipio-implemento-el-codigo-de-conducta-y-equidad-de-genero","status":"publish","type":"post","link":"https:\/\/infolanus.com\/index.php\/2018\/12\/28\/el-municipio-implemento-el-codigo-de-conducta-y-equidad-de-genero\/","title":{"rendered":"El Municipio implement\u00f3 el C\u00f3digo de Conducta y Equidad de G\u00e9nero"},"content":{"rendered":"<p>En el marco de las medidas implementadas para fortalecer el v\u00ednculo laboral entre jefes y empleados, el intendente, N\u00e9stor Grindetti, firm\u00f3 el nuevo C\u00f3digo de Conducta y Equidad de G\u00e9nero que comenzar\u00e1 a regir a partir del 2019 en todo el \u00e1mbito de la administraci\u00f3n municipal.<\/p>\n<p><strong>\u201cNuestra prioridad es que nadie sufra ning\u00fan tipo de maltrato y que las actividades laborales se desarrollen en un \u00e1mbito cordial y seguro tanto para hombres como para mujeres\u201d<\/strong>, manifest\u00f3 el jefe comunal.<\/p>\n<p>Las pautas de convivencia est\u00e1n basadas en los siguientes 5 ejes principales: Principio de la No Violencia,  Asignaci\u00f3n de Tareas, Uso Correcto del Lenguaje, Delimitaci\u00f3n del Espacio donde se desarrollan las tareas diarias y la relaci\u00f3n entre autoridad y empleado\/a.<\/p>\n<p>En ese sentido, se crear\u00e1 un grupo de seguimiento que estar\u00e1 supervisado por el Senado provincial con el objetivo de asegurar el cumplimiento del c\u00f3digo. Las campa\u00f1as de concientizaci\u00f3n, difusi\u00f3n y capacitaci\u00f3n para los\/as empleados\/as ser\u00e1n otra de las funciones que tendr\u00e1 ese \u00f3rgano de control.  <\/p>\n","protected":false},"excerpt":{"rendered":"<p>En el marco de las medidas implementadas para fortalecer el v\u00ednculo laboral entre jefes y empleados, el intendente, N\u00e9stor Grindetti, firm\u00f3 el nuevo C\u00f3digo de Conducta y Equidad de G\u00e9nero que comenzar\u00e1 a regir a partir del 2019 en todo el \u00e1mbito de la administraci\u00f3n municipal. \u201cNuestra prioridad es que nadie sufra ning\u00fan tipo de [&hellip;]<\/p>\n","protected":false},"author":2,"featured_media":1497,"comment_status":"open","ping_status":"open","sticky":false,"template":"","format":"standard","meta":{"jetpack_post_was_ever_published":false,"_jetpack_newsletter_access":"","_jetpack_dont_email_post_to_subs":false,"_jetpack_newsletter_tier_id":0,"_jetpack_memberships_contains_paywalled_content":false,"_jetpack_memberships_contains_paid_content":false,"footnotes":"","jetpack_publicize_message":"","jetpack_publicize_feature_enabled":true,"jetpack_social_post_already_shared":true,"jetpack_social_options":{"image_generator_settings":{"template":"highway","enabled":false},"version":2}},"categories":[19],"tags":[592,593,594,595,99],"class_list":["post-1496","post","type-post","status-publish","format-standard","has-post-thumbnail","hentry","category-municipio","tag-codigo","tag-conducta","tag-equidad","tag-genero","tag-nestor-grindetti"],"jetpack_publicize_connections":[],"jetpack_featured_media_url":"https:\/\/i0.wp.com\/infolanus.com\/wp-content\/uploads\/2018\/12\/grindetti-genero.jpg?fit=698%2C401&ssl=1","jetpack_sharing_enabled":false,"jetpack_shortlink":"https:\/\/wp.me\/p9QtMr-o8","_links":{"self":[{"href":"https:\/\/infolanus.com\/index.php\/wp-json\/wp\/v2\/posts\/1496","targetHints":{"allow":["GET"]}}],"collection":[{"href":"https:\/\/infolanus.com\/index.php\/wp-json\/wp\/v2\/posts"}],"about":[{"href":"https:\/\/infolanus.com\/index.php\/wp-json\/wp\/v2\/types\/post"}],"author":[{"embeddable":true,"href":"https:\/\/infolanus.com\/index.php\/wp-json\/wp\/v2\/users\/2"}],"replies":[{"embeddable":true,"href":"https:\/\/infolanus.com\/index.php\/wp-json\/wp\/v2\/comments?post=1496"}],"version-history":[{"count":1,"href":"https:\/\/infolanus.com\/index.php\/wp-json\/wp\/v2\/posts\/1496\/revisions"}],"predecessor-version":[{"id":1498,"href":"https:\/\/infolanus.com\/index.php\/wp-json\/wp\/v2\/posts\/1496\/revisions\/1498"}],"wp:featuredmedia":[{"embeddable":true,"href":"https:\/\/infolanus.com\/index.php\/wp-json\/wp\/v2\/media\/1497"}],"wp:attachment":[{"href":"https:\/\/infolanus.com\/index.php\/wp-json\/wp\/v2\/media?parent=1496"}],"wp:term":[{"taxonomy":"category","embeddable":true,"href":"https:\/\/infolanus.com\/index.php\/wp-json\/wp\/v2\/categories?post=1496"},{"taxonomy":"post_tag","embeddable":true,"href":"https:\/\/infolanus.com\/index.php\/wp-json\/wp\/v2\/tags?post=1496"}],"curies":[{"name":"wp","href":"https:\/\/api.w.org\/{rel}","templated":true}]}}