{"id":1779,"date":"2019-04-28T13:41:36","date_gmt":"2019-04-28T16:41:36","guid":{"rendered":"http:\/\/infolanus.com\/?p=1779"},"modified":"2019-04-28T13:41:36","modified_gmt":"2019-04-28T16:41:36","slug":"grindetti-y-larreta-encabezaron-encuentro-de-referentes-de-la-tercera-seccion-de-cambiemos","status":"publish","type":"post","link":"https:\/\/infolanus.com\/index.php\/2019\/04\/28\/grindetti-y-larreta-encabezaron-encuentro-de-referentes-de-la-tercera-seccion-de-cambiemos\/","title":{"rendered":"Grindetti y Larreta encabezaron encuentro de referentes de la Tercera Secci\u00f3n de Cambiemos"},"content":{"rendered":"<p>El intendente de Lanus, Nestor Grindetti recibi\u00f3 al Jefe de Gobierno porte\u00f1o, Horacio Rodriguez Larreta y juntos compartieron un desayuno de trabajo con legisladores y referentes de los distritos de la Tercera Seccion Electoral donde Cambiemos pelear\u00e1 en octubre para ganar esos territorios.<\/p>\n<p>Durante el encuentro, el Jefe de Gobierno comparti\u00f3 su vision sobre la actualidad politica a nivel nacional y provincial, hizo un balance de su gesti\u00f3n en la ciudad de Buenos Aires y atendi\u00f3 consultas y pedidos de los dirigentes presentes.<\/p>\n<p><strong>&#8220;Horacio (Rodriguez Larreta) es un ejemplo de trabajo, dedicaci\u00f3n y esfuerzo, es importante esta visita porque nos permite sumar ideas y propuestas para llevar a cada municipio y dise\u00f1ar las campa\u00f1as locales&#8221;<\/strong>, afirm\u00f3 Grindetti y agreg\u00f3: <strong>&#8220;vamos a dar la pelea en todos los distritos de la tercera, tenemos dirigentes muy preparos y desde Nacion y provincia hemos hecho muchas obras y mejoras en todos los municipios que podemos mostrarle a los vecinos, no hay que perder de vista que tenemos que poner el foco en la gente&#8221;<\/strong>.<\/p>\n<p><strong>&#8220;Yo estoy convencido que la buena campa\u00f1a basada en caminar la calle y estar cerca de la gente es la mas positiva, hay que ponerle ganas, compromiso y dedicaci\u00f3n&#8221;<\/strong>, indic\u00f3 Larreta.<\/p>\n<p>La visitas de Larreta y Sica, la semana pasada, fueron el puntapi\u00e9 inicial de una serie de encuentros que Grindetti prepara con ministros, legisladores y dirigentes nacionales y provinciales en distintos municipios de la regi\u00f3n para apuntalar las campa\u00f1as locales.<\/p>\n<p>Participaron de la jornada, la senadora nacional, Gladys Gonz\u00e1lez, El ministro porte\u00f1o, Fernando Straface, la senadora provincial, Lorena Petrovich, el diputado bonaerense, Adrian Urreli, entre otros dirigentes.<\/p>\n","protected":false},"excerpt":{"rendered":"<p>El intendente de Lanus, Nestor Grindetti recibi\u00f3 al Jefe de Gobierno porte\u00f1o, Horacio Rodriguez Larreta y juntos compartieron un desayuno de trabajo con legisladores y referentes de los distritos de la Tercera Seccion Electoral donde Cambiemos pelear\u00e1 en octubre para ganar esos territorios. Durante el encuentro, el Jefe de Gobierno comparti\u00f3 su vision sobre la [&hellip;]<\/p>\n","protected":false},"author":2,"featured_media":1780,"comment_status":"open","ping_status":"open","sticky":false,"template":"","format":"standard","meta":{"jetpack_post_was_ever_published":false,"_jetpack_newsletter_access":"","_jetpack_dont_email_post_to_subs":false,"_jetpack_newsletter_tier_id":0,"_jetpack_memberships_contains_paywalled_content":false,"_jetpack_memberships_contains_paid_content":false,"footnotes":"","jetpack_publicize_message":"","jetpack_publicize_feature_enabled":true,"jetpack_social_post_already_shared":true,"jetpack_social_options":{"image_generator_settings":{"template":"highway","enabled":false},"version":2}},"categories":[16],"tags":[326,99],"class_list":["post-1779","post","type-post","status-publish","format-standard","has-post-thumbnail","hentry","category-politica","tag-horacio-rodriguez-larreta","tag-nestor-grindetti"],"jetpack_publicize_connections":[],"jetpack_featured_media_url":"https:\/\/i0.wp.com\/infolanus.com\/wp-content\/uploads\/2019\/04\/Grindetti-Larreta.jpg?fit=750%2C500&ssl=1","jetpack_sharing_enabled":false,"jetpack_shortlink":"https:\/\/wp.me\/p9QtMr-sH","_links":{"self":[{"href":"https:\/\/infolanus.com\/index.php\/wp-json\/wp\/v2\/posts\/1779","targetHints":{"allow":["GET"]}}],"collection":[{"href":"https:\/\/infolanus.com\/index.php\/wp-json\/wp\/v2\/posts"}],"about":[{"href":"https:\/\/infolanus.com\/index.php\/wp-json\/wp\/v2\/types\/post"}],"author":[{"embeddable":true,"href":"https:\/\/infolanus.com\/index.php\/wp-json\/wp\/v2\/users\/2"}],"replies":[{"embeddable":true,"href":"https:\/\/infolanus.com\/index.php\/wp-json\/wp\/v2\/comments?post=1779"}],"version-history":[{"count":1,"href":"https:\/\/infolanus.com\/index.php\/wp-json\/wp\/v2\/posts\/1779\/revisions"}],"predecessor-version":[{"id":1781,"href":"https:\/\/infolanus.com\/index.php\/wp-json\/wp\/v2\/posts\/1779\/revisions\/1781"}],"wp:featuredmedia":[{"embeddable":true,"href":"https:\/\/infolanus.com\/index.php\/wp-json\/wp\/v2\/media\/1780"}],"wp:attachment":[{"href":"https:\/\/infolanus.com\/index.php\/wp-json\/wp\/v2\/media?parent=1779"}],"wp:term":[{"taxonomy":"category","embeddable":true,"href":"https:\/\/infolanus.com\/index.php\/wp-json\/wp\/v2\/categories?post=1779"},{"taxonomy":"post_tag","embeddable":true,"href":"https:\/\/infolanus.com\/index.php\/wp-json\/wp\/v2\/tags?post=1779"}],"curies":[{"name":"wp","href":"https:\/\/api.w.org\/{rel}","templated":true}]}}