{"id":1827,"date":"2020-09-01T01:58:39","date_gmt":"2020-09-01T04:58:39","guid":{"rendered":"http:\/\/infolanus.com\/?p=1827"},"modified":"2020-09-01T01:58:39","modified_gmt":"2020-09-01T04:58:39","slug":"vecinos-de-lanus-este-promueven-la-candidatura-de-ignacio-moroni-para-defensor-del-pueblo","status":"publish","type":"post","link":"https:\/\/infolanus.com\/index.php\/2020\/09\/01\/vecinos-de-lanus-este-promueven-la-candidatura-de-ignacio-moroni-para-defensor-del-pueblo\/","title":{"rendered":"Vecinos de Lanus Este Promueven la Candidatura de Ignacio Moroni para Defensor del Pueblo"},"content":{"rendered":"<p>Un grupo de vecinos de Lan\u00fas Este Promueve la candidatura del millennial Ignacio &#8220;Nacho&#8221; Moroni para Defensor del Pueblo.<br \/>\nEl j\u00f3ven reconocido por su carisma y gran actividad en redes sociales, donde se destaca su conexi\u00f3n con los seguidores de instagram,<strong> particip\u00f3 de varias movidas solidarias y tiene un alto nivel de conexi\u00f3n con los vecinos del distrito.<\/strong><br \/>\nIgnacio, nacido y criado en Lan\u00fas, tiene un nivel de arraigo con el barrio muy grande, ya que participa activamente en la Asociaci\u00f3n Civil &#8220;Acci\u00f3n por Lan\u00fas&#8221; que ayuda a much\u00edsimos ni\u00f1os y ni\u00f1as del distrito. Por ejemplo, en el pasado &#8220;D\u00eda de la Ni\u00f1ez&#8221;, repartieron cajas con \u00fatiles, cientos de juguetes y ropa de abrigo en distintos barrios vulnerables.<br \/>\nOtra faceta dirigencial de esta joven promesa del mundo de la pol\u00edtica la lleva a cabo en el Club Lan\u00fas (del cual se considera un fan\u00e1tico). <strong>En esa instituci\u00f3n muestra su vocaci\u00f3n dirigencial, ya que la lleva a cabo ad honorem y con una dedicaci\u00f3n que solo los que lo conocen pueden describir.<\/strong><br \/>\nMientras Ignacio continua sumando items en su prematuro pero jugoso Curriculum, los vecinos no dudan en que seria una gran oportunidad para que la Defensor\u00eda del Pueblo tenga un dirigente que represente verdaderamente al vecino lanusense. Pero en su entorno estan seguros que si no se da en la elecci\u00f3n del mes de Diciembre, seguramente sea m\u00e1s adelante, ya que la carrera de este joven dirigente reci\u00e9n comienza, pero seguramente finalice dentro de muchos a\u00f1os.<\/p>\n","protected":false},"excerpt":{"rendered":"<p>Un grupo de vecinos de Lan\u00fas Este Promueve la candidatura del millennial Ignacio &#8220;Nacho&#8221; Moroni para Defensor del Pueblo. El j\u00f3ven reconocido por su carisma y gran actividad en redes sociales, donde se destaca su conexi\u00f3n con los seguidores de instagram, particip\u00f3 de varias movidas solidarias y tiene un alto nivel de conexi\u00f3n con los [&hellip;]<\/p>\n","protected":false},"author":2,"featured_media":1828,"comment_status":"open","ping_status":"open","sticky":false,"template":"","format":"standard","meta":{"jetpack_post_was_ever_published":false,"_jetpack_newsletter_access":"","_jetpack_dont_email_post_to_subs":false,"_jetpack_newsletter_tier_id":0,"_jetpack_memberships_contains_paywalled_content":false,"_jetpack_memberships_contains_paid_content":false,"footnotes":"","jetpack_publicize_message":"","jetpack_publicize_feature_enabled":true,"jetpack_social_post_already_shared":true,"jetpack_social_options":{"image_generator_settings":{"template":"highway","enabled":false},"version":2}},"categories":[16],"tags":[713],"class_list":["post-1827","post","type-post","status-publish","format-standard","has-post-thumbnail","hentry","category-politica","tag-defensor-del-pueblo"],"jetpack_publicize_connections":[],"jetpack_featured_media_url":"https:\/\/i0.wp.com\/infolanus.com\/wp-content\/uploads\/2020\/08\/Moroni.jpeg?fit=700%2C433&ssl=1","jetpack_sharing_enabled":true,"jetpack_shortlink":"https:\/\/wp.me\/p9QtMr-tt","_links":{"self":[{"href":"https:\/\/infolanus.com\/index.php\/wp-json\/wp\/v2\/posts\/1827","targetHints":{"allow":["GET"]}}],"collection":[{"href":"https:\/\/infolanus.com\/index.php\/wp-json\/wp\/v2\/posts"}],"about":[{"href":"https:\/\/infolanus.com\/index.php\/wp-json\/wp\/v2\/types\/post"}],"author":[{"embeddable":true,"href":"https:\/\/infolanus.com\/index.php\/wp-json\/wp\/v2\/users\/2"}],"replies":[{"embeddable":true,"href":"https:\/\/infolanus.com\/index.php\/wp-json\/wp\/v2\/comments?post=1827"}],"version-history":[{"count":4,"href":"https:\/\/infolanus.com\/index.php\/wp-json\/wp\/v2\/posts\/1827\/revisions"}],"predecessor-version":[{"id":1832,"href":"https:\/\/infolanus.com\/index.php\/wp-json\/wp\/v2\/posts\/1827\/revisions\/1832"}],"wp:featuredmedia":[{"embeddable":true,"href":"https:\/\/infolanus.com\/index.php\/wp-json\/wp\/v2\/media\/1828"}],"wp:attachment":[{"href":"https:\/\/infolanus.com\/index.php\/wp-json\/wp\/v2\/media?parent=1827"}],"wp:term":[{"taxonomy":"category","embeddable":true,"href":"https:\/\/infolanus.com\/index.php\/wp-json\/wp\/v2\/categories?post=1827"},{"taxonomy":"post_tag","embeddable":true,"href":"https:\/\/infolanus.com\/index.php\/wp-json\/wp\/v2\/tags?post=1827"}],"curies":[{"name":"wp","href":"https:\/\/api.w.org\/{rel}","templated":true}]}}