{"id":1871,"date":"2020-11-05T23:59:28","date_gmt":"2020-11-06T02:59:28","guid":{"rendered":"http:\/\/infolanus.com\/?p=1871"},"modified":"2020-11-11T23:59:48","modified_gmt":"2020-11-12T02:59:48","slug":"el-icam-asesorara-al-municipio-de-patagones-para-la-creacion-de-su-propio-instituto-y-capacitara-a-sus-empleados","status":"publish","type":"post","link":"https:\/\/infolanus.com\/index.php\/2020\/11\/05\/el-icam-asesorara-al-municipio-de-patagones-para-la-creacion-de-su-propio-instituto-y-capacitara-a-sus-empleados\/","title":{"rendered":"El ICAM asesorar\u00e1 al Municipio de Patagones para la creaci\u00f3n de su propio Instituto y capacitar\u00e1 a sus empleados"},"content":{"rendered":"<p>El intendente, N\u00e9stor Grindetti y su par de Patagones, Jos\u00e9 Luis Zara, sellaron un acuerdo que contempla la asignaci\u00f3n de vacantes para que los empleados p\u00fablicos de ese distrito accedan a los cursos del Instituto de Capacitaci\u00f3n Municipal (ICAM) y para que el Municipio reciba asesoramiento por parte de la comuna local durante el proceso de organizaci\u00f3n y puesta en marcha de un \u00e1rea similar.<\/p>\n<p><strong>\u201cOjal\u00e1 podamos hacer una red de institutos de estas caracter\u00edsticas para intercambiar experiencias<\/strong>\u201d, manifest\u00f3 Grindetti destacando el desempe\u00f1o de la titular del \u00e1rea Mirta Ponzone y la positiva recepci\u00f3n de los empleados. <strong>\u201cAdem\u00e1s de fortalecer la organizaci\u00f3n, trabajar en la capacitaci\u00f3n es un mimo que los trabajadores valoran mucho\u201d<\/strong>, subray\u00f3.<\/p>\n<p>Mediante esta iniciativa, el ICAM promueve a nivel provincial su exitosa experiencia de transformaci\u00f3n cultural fuertemente consolidada en los \u00faltimos cuatro a\u00f1os durante los cuales, dict\u00f3 un total de 1222 cursos y diplomaturas y facilit\u00f3 la culminaci\u00f3n de sus estudios secundarios a m\u00e1s de 350 trabajadores.<\/p>\n<p>Desde abril de 2016, el \u00e1rea contribuy\u00f3 significativamente en la construcci\u00f3n de la nueva identidad del trabajador p\u00fablico de Lan\u00fas. Como resultado de ello, se concret\u00f3 la agilizaci\u00f3n de los procesos internos y se produjo la optimizaci\u00f3n de los servicios brindados a la comunidad.<\/p>\n<p>Participaron de la reuni\u00f3n, la directora del ICAM, Mirta Ponzone, el secretario de Econom\u00eda y Finanzas, Dami\u00e1n Schiavone y el subsecretario de Recursos Humanos, Fabi\u00e1n Mazzeo. En tanto, por parte de la comuna de Patagones, estuvieron el jefe de Gabinete Fabio Bettinelli, el secretario de Gobierno, Daniel Paredes y la subsecretaria de RRHH,  Alejandra Araujo. <\/p>\n","protected":false},"excerpt":{"rendered":"<p>El intendente, N\u00e9stor Grindetti y su par de Patagones, Jos\u00e9 Luis Zara, sellaron un acuerdo que contempla la asignaci\u00f3n de vacantes para que los empleados p\u00fablicos de ese distrito accedan a los cursos del Instituto de Capacitaci\u00f3n Municipal (ICAM) y para que el Municipio reciba asesoramiento por parte de la comuna local durante el proceso [&hellip;]<\/p>\n","protected":false},"author":2,"featured_media":1872,"comment_status":"open","ping_status":"open","sticky":false,"template":"","format":"standard","meta":{"jetpack_post_was_ever_published":false,"_jetpack_newsletter_access":"","_jetpack_dont_email_post_to_subs":false,"_jetpack_newsletter_tier_id":0,"_jetpack_memberships_contains_paywalled_content":false,"_jetpack_memberships_contains_paid_content":false,"footnotes":"","jetpack_publicize_message":"El ICAM asesorar\u00e1 al Municipio de Patagones para la creaci\u00f3n de su propio Instituto y capacitar\u00e1 a sus empleados","jetpack_publicize_feature_enabled":true,"jetpack_social_post_already_shared":true,"jetpack_social_options":{"image_generator_settings":{"template":"highway","enabled":false},"version":2}},"categories":[19],"tags":[726,23,727],"class_list":["post-1871","post","type-post","status-publish","format-standard","has-post-thumbnail","hentry","category-municipio","tag-icam","tag-lanus","tag-patagones"],"jetpack_publicize_connections":[],"jetpack_featured_media_url":"https:\/\/i0.wp.com\/infolanus.com\/wp-content\/uploads\/2020\/11\/Grindetti-Oficina.jpeg?fit=700%2C448&ssl=1","jetpack_sharing_enabled":false,"jetpack_shortlink":"https:\/\/wp.me\/p9QtMr-ub","_links":{"self":[{"href":"https:\/\/infolanus.com\/index.php\/wp-json\/wp\/v2\/posts\/1871","targetHints":{"allow":["GET"]}}],"collection":[{"href":"https:\/\/infolanus.com\/index.php\/wp-json\/wp\/v2\/posts"}],"about":[{"href":"https:\/\/infolanus.com\/index.php\/wp-json\/wp\/v2\/types\/post"}],"author":[{"embeddable":true,"href":"https:\/\/infolanus.com\/index.php\/wp-json\/wp\/v2\/users\/2"}],"replies":[{"embeddable":true,"href":"https:\/\/infolanus.com\/index.php\/wp-json\/wp\/v2\/comments?post=1871"}],"version-history":[{"count":1,"href":"https:\/\/infolanus.com\/index.php\/wp-json\/wp\/v2\/posts\/1871\/revisions"}],"predecessor-version":[{"id":1873,"href":"https:\/\/infolanus.com\/index.php\/wp-json\/wp\/v2\/posts\/1871\/revisions\/1873"}],"wp:featuredmedia":[{"embeddable":true,"href":"https:\/\/infolanus.com\/index.php\/wp-json\/wp\/v2\/media\/1872"}],"wp:attachment":[{"href":"https:\/\/infolanus.com\/index.php\/wp-json\/wp\/v2\/media?parent=1871"}],"wp:term":[{"taxonomy":"category","embeddable":true,"href":"https:\/\/infolanus.com\/index.php\/wp-json\/wp\/v2\/categories?post=1871"},{"taxonomy":"post_tag","embeddable":true,"href":"https:\/\/infolanus.com\/index.php\/wp-json\/wp\/v2\/tags?post=1871"}],"curies":[{"name":"wp","href":"https:\/\/api.w.org\/{rel}","templated":true}]}}