{"id":1990,"date":"2021-05-09T17:09:05","date_gmt":"2021-05-09T20:09:05","guid":{"rendered":"http:\/\/infolanus.com\/?p=1990"},"modified":"2021-05-09T17:09:05","modified_gmt":"2021-05-09T20:09:05","slug":"hablemos-de-la-famosa-grieta-politica-que-tan-mal-nos-hace","status":"publish","type":"post","link":"https:\/\/infolanus.com\/index.php\/2021\/05\/09\/hablemos-de-la-famosa-grieta-politica-que-tan-mal-nos-hace\/","title":{"rendered":"Hablemos de la famosa grieta pol\u00edtica que tan mal nos hace"},"content":{"rendered":"<p><strong>Por Nacho Moroni, referente de Lan\u00fas del partido Tercera Posici\u00f3n que conduce Graciela Cama\u00f1o.<\/strong><\/p>\n<p>La grieta no es exclusiva de Argentina. La hemos visto recientemente en Estados Unidos en su m\u00e1ximo esplendor entre los &#8220;trumpistas&#8221; y &#8220;antitrumpistas&#8221;. Si buscamos un ejemplo en nuestro pa\u00eds, basta con recorrer el Museo de la Constituci\u00f3n, en la sala que se llama &#8220;La grieta&#8221;, que est\u00e1 construida sobre una grieta del terreno, los pr\u00f3ceres unitarios y federales se est\u00e1n dando la espalda.<\/p>\n<p>En esta maldita grieta hay un componente de violencia y de un enfrentamiento que impide la convivencia. Lo que cada parte cree o defiende se convierte en algo innegociable. Es un odio cruzado, ambos lados creen que el mal es el adversario y es, por ejemplo, el origen de los &#8220;haters&#8221; en las redes sociales.<\/p>\n<p>Ojo, muchos pol\u00edticos de las dos fuerzas pol\u00edticas mas grandes del pa\u00eds la utilizan a su favor. Solo se atacan entre si polarizando y dejando sin lugar a los partidos m\u00e1s peque\u00f1os que intentan llegar al votante para contarles sus propuestas. Adem\u00e1s, ha sido utilizada en el discurso pol\u00edtico para justificar los males nacionales de parte de un lado y de otro.<\/p>\n<p>Est\u00e1mos bajo un fen\u00f3meno que lleva a\u00f1os creciendo en la sociedad argentina y que con la p\u00e9sima situaci\u00f3n social y econ\u00f3mica que vive el pa\u00eds desde hace a\u00f1os sigue aumentando. <\/p>\n<p>Es tiempo de arremangarse y frenar este disparate. El ciudadano no quiere mas peleas de pol\u00edticos, hoy demanda soluciones concretas y permitanme decir que tienen toda la raz\u00f3n del mundo.<\/p>\n<p>Hoy tenemos el desaf\u00edo de recuperar la pol\u00edtica como capacidad de transformaci\u00f3n para hacer el salto al futuro.<\/p>\n<p>No pierdan las esperanzas.<\/p>\n<p>Nacho Moroni.<\/p>\n","protected":false},"excerpt":{"rendered":"<p>Por Nacho Moroni, referente de Lan\u00fas del partido Tercera Posici\u00f3n que conduce Graciela Cama\u00f1o. La grieta no es exclusiva de Argentina. La hemos visto recientemente en Estados Unidos en su m\u00e1ximo esplendor entre los &#8220;trumpistas&#8221; y &#8220;antitrumpistas&#8221;. Si buscamos un ejemplo en nuestro pa\u00eds, basta con recorrer el Museo de la Constituci\u00f3n, en la sala [&hellip;]<\/p>\n","protected":false},"author":2,"featured_media":1952,"comment_status":"open","ping_status":"open","sticky":false,"template":"","format":"standard","meta":{"jetpack_post_was_ever_published":false,"_jetpack_newsletter_access":"","_jetpack_dont_email_post_to_subs":false,"_jetpack_newsletter_tier_id":0,"_jetpack_memberships_contains_paywalled_content":false,"_jetpack_memberships_contains_paid_content":false,"footnotes":"","jetpack_publicize_message":"","jetpack_publicize_feature_enabled":true,"jetpack_social_post_already_shared":true,"jetpack_social_options":{"image_generator_settings":{"template":"highway","enabled":false},"version":2}},"categories":[758],"tags":[722,759],"class_list":["post-1990","post","type-post","status-publish","format-standard","has-post-thumbnail","hentry","category-opinion","tag-ignacio-moroni","tag-opinion"],"jetpack_publicize_connections":[],"jetpack_featured_media_url":"https:\/\/i0.wp.com\/infolanus.com\/wp-content\/uploads\/2021\/03\/Moroni.jpeg?fit=700%2C467&ssl=1","jetpack_sharing_enabled":true,"jetpack_shortlink":"https:\/\/wp.me\/p9QtMr-w6","_links":{"self":[{"href":"https:\/\/infolanus.com\/index.php\/wp-json\/wp\/v2\/posts\/1990","targetHints":{"allow":["GET"]}}],"collection":[{"href":"https:\/\/infolanus.com\/index.php\/wp-json\/wp\/v2\/posts"}],"about":[{"href":"https:\/\/infolanus.com\/index.php\/wp-json\/wp\/v2\/types\/post"}],"author":[{"embeddable":true,"href":"https:\/\/infolanus.com\/index.php\/wp-json\/wp\/v2\/users\/2"}],"replies":[{"embeddable":true,"href":"https:\/\/infolanus.com\/index.php\/wp-json\/wp\/v2\/comments?post=1990"}],"version-history":[{"count":1,"href":"https:\/\/infolanus.com\/index.php\/wp-json\/wp\/v2\/posts\/1990\/revisions"}],"predecessor-version":[{"id":1991,"href":"https:\/\/infolanus.com\/index.php\/wp-json\/wp\/v2\/posts\/1990\/revisions\/1991"}],"wp:featuredmedia":[{"embeddable":true,"href":"https:\/\/infolanus.com\/index.php\/wp-json\/wp\/v2\/media\/1952"}],"wp:attachment":[{"href":"https:\/\/infolanus.com\/index.php\/wp-json\/wp\/v2\/media?parent=1990"}],"wp:term":[{"taxonomy":"category","embeddable":true,"href":"https:\/\/infolanus.com\/index.php\/wp-json\/wp\/v2\/categories?post=1990"},{"taxonomy":"post_tag","embeddable":true,"href":"https:\/\/infolanus.com\/index.php\/wp-json\/wp\/v2\/tags?post=1990"}],"curies":[{"name":"wp","href":"https:\/\/api.w.org\/{rel}","templated":true}]}}