{"id":2046,"date":"2022-04-10T23:20:32","date_gmt":"2022-04-11T02:20:32","guid":{"rendered":"http:\/\/infolanus.com\/?p=2046"},"modified":"2022-04-10T23:20:32","modified_gmt":"2022-04-11T02:20:32","slug":"con-el-apoyo-de-una-gobernadora-y-posible-candidata-a-la-presidencia-de-ecuador-nacho-moroni-insinua-jugar-en-2023","status":"publish","type":"post","link":"https:\/\/infolanus.com\/index.php\/2022\/04\/10\/con-el-apoyo-de-una-gobernadora-y-posible-candidata-a-la-presidencia-de-ecuador-nacho-moroni-insinua-jugar-en-2023\/","title":{"rendered":"Con el apoyo de una gobernadora y posible candidata a la presidencia de Ecuador, Nacho Moroni insinua jugar en 2023"},"content":{"rendered":"<p>Con slogan nuevo y un sorpresivo apoyo de una gobernadora y posible candidata a la presidencia de Ecuador, Nacho Moroni insinua &#8220;jugar&#8221; en 2023 por la intendencia de Lan\u00fas.<\/p>\n<p>&#8220;Todo por Lan\u00fas&#8221; es la nueva frase que ya circula en las redes de Moroni y simpatizantes del Partido Tercera Posici\u00f3n de Lan\u00fas (Espacio que a nivel nacional lo conduce la diputada Graciela Cama\u00f1o), donde a mediados de mayo van a realizar un encuentro con vecinos, dirigentes de 3P y algun que otro dirigente &#8220;desencantado&#8221; que se sumaria al proyecto con miras al 2023, confirman desde el entorno.<\/p>\n<p><strong>&#8220;En estos ultimos meses nuestro equipo creci\u00f3 de manera incre\u00edble. Cada semana se est\u00e1 sumando nueva gente a este proyecto pol\u00edtico, todo el tiempo nos est\u00e1mos capacitando y conociendo modelos de gesti\u00f3n para afrontar el 2023 de la mejor manera&#8221;<\/strong>, sostuvo Moroni.<\/p>\n<p>Y agreg\u00f3 <strong>&#8220;El a\u00f1o pasado debutamos electoralmente logrando m\u00e1s de 15.000 votos, motivo por el que estamos orgullosos y apostamos a seguir creciendo y que m\u00e1s vecinos se acerquen a esta nueva fuerza&#8221;<\/strong>. <\/p>\n<p>Adem\u00e1s, destac\u00f3 que <strong>&#8220;No se requieren 50 a\u00f1os para lograr cambios reales y verdaderos. Se requiere valor pol\u00edtico y en este espacio hay de sobra&#8221;<\/strong>.<\/p>\n<p><img data-recalc-dims=\"1\" loading=\"lazy\" decoding=\"async\" data-attachment-id=\"2048\" data-permalink=\"https:\/\/infolanus.com\/index.php\/2022\/04\/10\/con-el-apoyo-de-una-gobernadora-y-posible-candidata-a-la-presidencia-de-ecuador-nacho-moroni-insinua-jugar-en-2023\/moroni-gobernadora\/\" data-orig-file=\"https:\/\/i0.wp.com\/infolanus.com\/wp-content\/uploads\/2022\/04\/Moroni-Gobernadora.jpeg?fit=644%2C1128&amp;ssl=1\" data-orig-size=\"644,1128\" data-comments-opened=\"1\" data-image-meta=\"{&quot;aperture&quot;:&quot;0&quot;,&quot;credit&quot;:&quot;&quot;,&quot;camera&quot;:&quot;&quot;,&quot;caption&quot;:&quot;&quot;,&quot;created_timestamp&quot;:&quot;0&quot;,&quot;copyright&quot;:&quot;&quot;,&quot;focal_length&quot;:&quot;0&quot;,&quot;iso&quot;:&quot;0&quot;,&quot;shutter_speed&quot;:&quot;0&quot;,&quot;title&quot;:&quot;&quot;,&quot;orientation&quot;:&quot;0&quot;}\" data-image-title=\"Moroni-Gobernadora\" data-image-description=\"\" data-image-caption=\"\" data-medium-file=\"https:\/\/i0.wp.com\/infolanus.com\/wp-content\/uploads\/2022\/04\/Moroni-Gobernadora.jpeg?fit=171%2C300&amp;ssl=1\" data-large-file=\"https:\/\/i0.wp.com\/infolanus.com\/wp-content\/uploads\/2022\/04\/Moroni-Gobernadora.jpeg?fit=585%2C1024&amp;ssl=1\" src=\"https:\/\/i0.wp.com\/infolanus.com\/wp-content\/uploads\/2022\/04\/Moroni-Gobernadora.jpeg?resize=640%2C1121\" alt=\"\" width=\"640\" height=\"1121\" class=\"alignnone size-full wp-image-2048\" srcset=\"https:\/\/i0.wp.com\/infolanus.com\/wp-content\/uploads\/2022\/04\/Moroni-Gobernadora.jpeg?w=644&amp;ssl=1 644w, https:\/\/i0.wp.com\/infolanus.com\/wp-content\/uploads\/2022\/04\/Moroni-Gobernadora.jpeg?resize=171%2C300&amp;ssl=1 171w, https:\/\/i0.wp.com\/infolanus.com\/wp-content\/uploads\/2022\/04\/Moroni-Gobernadora.jpeg?resize=585%2C1024&amp;ssl=1 585w, https:\/\/i0.wp.com\/infolanus.com\/wp-content\/uploads\/2022\/04\/Moroni-Gobernadora.jpeg?resize=240%2C420&amp;ssl=1 240w\" sizes=\"auto, (max-width: 640px) 100vw, 640px\" \/><\/p>\n<p>Luego de su viaje por Guayaquil visitando a Susana Gonzalez, gobernadora de Guayas, Moroni coment\u00f3 en sus redes sociales: <strong><em>&#8220;Dedicaci\u00f3n y compromiso por el bienestar de nuestros ciudadanos fueron tus palabras. Muchas pol\u00edticas de tu gesti\u00f3n son perfectamente trasladables a Lan\u00fas y a toda la Provincia de Buenos Aires. Con todo el equipo de 3P Lan\u00fas vamos a trabajar para lograr llevarlas a cabo<\/em><\/strong><em>.<br \/>\n\u2800\u2800\u2800\u2800\u2800\u2800\u2800\u2800\u2800<br \/>\n<strong>Gracias por tu inmensa hospitalidad y por hacerme sentir en esta semana un &#8220;Guayasense&#8221; m\u00e1s.&#8221; <\/strong><\/em><\/p>\n<p>Est\u00e1 previsto que Susana Gonzalez viaje en octubre a Argentina y el reencuentro con el joven dirigente del municipio se repita en Lan\u00fas.<\/p>\n","protected":false},"excerpt":{"rendered":"<p>Con slogan nuevo y un sorpresivo apoyo de una gobernadora y posible candidata a la presidencia de Ecuador, Nacho Moroni insinua &#8220;jugar&#8221; en 2023 por la intendencia de Lan\u00fas. &#8220;Todo por Lan\u00fas&#8221; es la nueva frase que ya circula en las redes de Moroni y simpatizantes del Partido Tercera Posici\u00f3n de Lan\u00fas (Espacio que a [&hellip;]<\/p>\n","protected":false},"author":2,"featured_media":2047,"comment_status":"open","ping_status":"open","sticky":false,"template":"","format":"standard","meta":{"jetpack_post_was_ever_published":false,"_jetpack_newsletter_access":"","_jetpack_dont_email_post_to_subs":false,"_jetpack_newsletter_tier_id":0,"_jetpack_memberships_contains_paywalled_content":false,"_jetpack_memberships_contains_paid_content":false,"footnotes":"","jetpack_publicize_message":"","jetpack_publicize_feature_enabled":true,"jetpack_social_post_already_shared":true,"jetpack_social_options":{"image_generator_settings":{"template":"highway","enabled":false},"version":2}},"categories":[16],"tags":[753,772],"class_list":["post-2046","post","type-post","status-publish","format-standard","has-post-thumbnail","hentry","category-politica","tag-nacho-moroni","tag-susana-gonzalez"],"jetpack_publicize_connections":[],"jetpack_featured_media_url":"https:\/\/i0.wp.com\/infolanus.com\/wp-content\/uploads\/2022\/04\/Moroni.jpeg?fit=1280%2C868&ssl=1","jetpack_sharing_enabled":true,"jetpack_shortlink":"https:\/\/wp.me\/p9QtMr-x0","_links":{"self":[{"href":"https:\/\/infolanus.com\/index.php\/wp-json\/wp\/v2\/posts\/2046","targetHints":{"allow":["GET"]}}],"collection":[{"href":"https:\/\/infolanus.com\/index.php\/wp-json\/wp\/v2\/posts"}],"about":[{"href":"https:\/\/infolanus.com\/index.php\/wp-json\/wp\/v2\/types\/post"}],"author":[{"embeddable":true,"href":"https:\/\/infolanus.com\/index.php\/wp-json\/wp\/v2\/users\/2"}],"replies":[{"embeddable":true,"href":"https:\/\/infolanus.com\/index.php\/wp-json\/wp\/v2\/comments?post=2046"}],"version-history":[{"count":2,"href":"https:\/\/infolanus.com\/index.php\/wp-json\/wp\/v2\/posts\/2046\/revisions"}],"predecessor-version":[{"id":2050,"href":"https:\/\/infolanus.com\/index.php\/wp-json\/wp\/v2\/posts\/2046\/revisions\/2050"}],"wp:featuredmedia":[{"embeddable":true,"href":"https:\/\/infolanus.com\/index.php\/wp-json\/wp\/v2\/media\/2047"}],"wp:attachment":[{"href":"https:\/\/infolanus.com\/index.php\/wp-json\/wp\/v2\/media?parent=2046"}],"wp:term":[{"taxonomy":"category","embeddable":true,"href":"https:\/\/infolanus.com\/index.php\/wp-json\/wp\/v2\/categories?post=2046"},{"taxonomy":"post_tag","embeddable":true,"href":"https:\/\/infolanus.com\/index.php\/wp-json\/wp\/v2\/tags?post=2046"}],"curies":[{"name":"wp","href":"https:\/\/api.w.org\/{rel}","templated":true}]}}