{"id":2077,"date":"2022-04-28T22:23:43","date_gmt":"2022-04-29T01:23:43","guid":{"rendered":"http:\/\/infolanus.com\/index.php\/2022\/04\/28\/frank-fabra-puso-en-duda-su-futuro-en-boca-juniors\/"},"modified":"2022-04-28T23:35:04","modified_gmt":"2022-04-29T02:35:04","slug":"frank-fabra-puso-en-duda-su-futuro-en-boca-juniors","status":"publish","type":"post","link":"https:\/\/infolanus.com\/index.php\/2022\/04\/28\/frank-fabra-puso-en-duda-su-futuro-en-boca-juniors\/","title":{"rendered":"Frank Fabra puso en duda su futuro en Boca Juniors"},"content":{"rendered":"<p><\/a> se convirti\u00f3 en el nuevo capit\u00e1n de <strong><a target=\"_blank\" href=\"https:\/\/442.perfil.com\/noticias\/futbol\/increible-defensa-al-hincha-de-boca-que-estuvo-preso-en-brasil-por-gestos-racistas.phtml\">Boca Juniors<\/a> <\/strong>en ausencia de <strong>Carlos Izquierdoz,<\/strong> para los encuentros por el torneo local y en la <strong>Copa Libertadores<\/strong>, pero su representante dej\u00f3 la puerta abierta ante la posibilidad de marcharse del club en este mercado de traspasos venidero.<\/p>\n<p>El lateral izquierdo colombiano se convirti\u00f3 en una de las piezas importantes en el esquema t\u00e1ctico de<strong> <a target=\"_blank\" href=\"https:\/\/442.perfil.com\/noticias\/futbol\/horacio-pagani-expuso-a-battaglia-y-a-sus-posibles-reemplazos-en-boca-juniors.phtml\">Sebasti\u00e1n Battaglia<\/a><\/strong>, a pesar de ser resistido por los fan\u00e1ticos&nbsp;<em>xeneizes&nbsp;<\/em>por la falta de constancia en el plano ofensivo y defensivo.<\/p>\n<p>Frente a esta situaci\u00f3n, <strong>el representante del futbolista cafetero, Mart\u00edn Ar\u00e1oz,<\/strong> puntualiz\u00f3 que Fabra se siente a gusto en el club, pero que en el caso de que le llegue una oferta para ser emigrar a Europa lo analizar\u00edan.<\/p>\n<p>\u201cFabra ya va por el 6to a\u00f1o y medio en Boca, <strong>\u00e9l se ha ganado la cinta de capit\u00e1n en el equipo. <\/strong>En todos estos a\u00f1os ha demostrado estar a la altura de lo que le toca en Boca.&nbsp;El jugador tiene que estar bien, mantenerse bien de la cabeza cuando las cosas no se dan&#8221;, se\u00f1al\u00f3 en entrevista con el programa radial<em><strong><em> <\/em><\/strong>C\u00f3mo te va.<\/em><\/p>\n<p>En cuanto a la actualidad del jugador en el club, apunt\u00f3: &#8220;Frank est\u00e1 bien,<strong> en su momento tuvo el problemita familiar, la pandemia lo alej\u00f3 de su familia. <\/strong>Hoy est\u00e1 bien, en lo deportivo y f\u00edsicamente bien. Frank rinde bien, la dirigencia y el cuerpo t\u00e9cnico lo sabe y por eso le dieron la cinta de capit\u00e1n&#8221;.<\/p>\n<p>Finalmente, sobre el futuro de Fabra en&nbsp;Boca se\u00f1al\u00f3:&nbsp;&#8220;El mercado de pases de junio es el mercado grande, porque es el momento de varios movimientos en Europa.&nbsp;Frank me manifest\u00f3 que est\u00e1 c\u00f3modo.<strong> A lo mejor le puede servir a \u00e9l y a Boca una salida.<\/strong> Si llega algo nos sentaremos con la dirigencia a charlarlo&#8221;.<\/p>\n","protected":false},"excerpt":{"rendered":"<p>se convirti\u00f3 en el nuevo capit\u00e1n de Boca Juniors en ausencia de Carlos Izquierdoz, para los encuentros por el torneo local y en la Copa Libertadores, pero su representante dej\u00f3 la puerta abierta ante la posibilidad de marcharse del club en este mercado de traspasos venidero. El lateral izquierdo colombiano se convirti\u00f3 en una de [&hellip;]<\/p>\n","protected":false},"author":2,"featured_media":2078,"comment_status":"closed","ping_status":"closed","sticky":false,"template":"","format":"standard","meta":{"jetpack_post_was_ever_published":false,"_jetpack_newsletter_access":"","_jetpack_dont_email_post_to_subs":false,"_jetpack_newsletter_tier_id":0,"_jetpack_memberships_contains_paywalled_content":false,"_jetpack_memberships_contains_paid_content":false,"footnotes":"","jetpack_publicize_message":"","jetpack_publicize_feature_enabled":true,"jetpack_social_post_already_shared":true,"jetpack_social_options":{"image_generator_settings":{"template":"highway","enabled":false},"version":2}},"categories":[17],"tags":[],"class_list":["post-2077","post","type-post","status-publish","format-standard","has-post-thumbnail","hentry","category-deportes"],"jetpack_publicize_connections":[],"jetpack_featured_media_url":"https:\/\/i0.wp.com\/infolanus.com\/wp-content\/uploads\/2022\/04\/frank-fabra-puso-en-duda-su-futuro-en-boca-juniors.jpg?fit=1140%2C641&ssl=1","jetpack_sharing_enabled":true,"jetpack_shortlink":"https:\/\/wp.me\/p9QtMr-xv","_links":{"self":[{"href":"https:\/\/infolanus.com\/index.php\/wp-json\/wp\/v2\/posts\/2077","targetHints":{"allow":["GET"]}}],"collection":[{"href":"https:\/\/infolanus.com\/index.php\/wp-json\/wp\/v2\/posts"}],"about":[{"href":"https:\/\/infolanus.com\/index.php\/wp-json\/wp\/v2\/types\/post"}],"author":[{"embeddable":true,"href":"https:\/\/infolanus.com\/index.php\/wp-json\/wp\/v2\/users\/2"}],"replies":[{"embeddable":true,"href":"https:\/\/infolanus.com\/index.php\/wp-json\/wp\/v2\/comments?post=2077"}],"version-history":[{"count":1,"href":"https:\/\/infolanus.com\/index.php\/wp-json\/wp\/v2\/posts\/2077\/revisions"}],"predecessor-version":[{"id":2083,"href":"https:\/\/infolanus.com\/index.php\/wp-json\/wp\/v2\/posts\/2077\/revisions\/2083"}],"wp:featuredmedia":[{"embeddable":true,"href":"https:\/\/infolanus.com\/index.php\/wp-json\/wp\/v2\/media\/2078"}],"wp:attachment":[{"href":"https:\/\/infolanus.com\/index.php\/wp-json\/wp\/v2\/media?parent=2077"}],"wp:term":[{"taxonomy":"category","embeddable":true,"href":"https:\/\/infolanus.com\/index.php\/wp-json\/wp\/v2\/categories?post=2077"},{"taxonomy":"post_tag","embeddable":true,"href":"https:\/\/infolanus.com\/index.php\/wp-json\/wp\/v2\/tags?post=2077"}],"curies":[{"name":"wp","href":"https:\/\/api.w.org\/{rel}","templated":true}]}}