{"id":2099,"date":"2022-04-30T15:16:01","date_gmt":"2022-04-30T18:16:01","guid":{"rendered":"https:\/\/www.inforegion.com.ar\/?p=212903"},"modified":"2022-04-30T23:57:08","modified_gmt":"2022-05-01T02:57:08","slug":"sileoni-visito-un-colegio-de-lanus-por-un-acto-en-conmemoracion-del-genocidio-armenio","status":"publish","type":"post","link":"https:\/\/infolanus.com\/index.php\/2022\/04\/30\/sileoni-visito-un-colegio-de-lanus-por-un-acto-en-conmemoracion-del-genocidio-armenio\/","title":{"rendered":"Sileoni visit\u00f3 un colegio de Lan\u00fas por un acto en conmemoraci\u00f3n del genocidio armenio"},"content":{"rendered":"<p>El director general de Cultura y Educaci\u00f3n de la provincia de Buenos Aires, <strong>Alberto Sileoni, particip\u00f3 esta semana de un emotivo acto en un colegio de Lan\u00fas al conmemorarse un nuevo aniversario del genocidio armenio<\/strong>.<\/p>\n<p><strong>Visit\u00f3 el <a href=\"https:\/\/www.facebook.com\/jrimian\/?__cft__[0]=AZXRb2b4yYg2Dyt9R5aQmLnyXMea0C80hdEZDRTDpawHlPsTh4_mf9NVr546O44lxxdQpJ9rUnVlbpvGjDTL1Q5KRVQBXNeDfOaygjuEJufXMtx04xyn-6RqDvCa2Eh-z8a_osFEDu8WyKi5ODaMlgG-c8aBFdj09zjNWFkET3R9Un7-sle-OGuHdfOAtB9iDvQ&amp;__tn__=kK-R\">Colegio Armenio Jrimian<\/a> de Valent\u00edn Alsina<\/strong>, donde recorri\u00f3 la muestra de trabajos de las y los estudiantes y particip\u00f3 de los homenajes.<\/p>\n<p><strong>El genocidio armenio comenz\u00f3 el 24 de abril de 1915 y se prolong\u00f3 hasta 1923. <\/strong>Entre 1,2 y 1,5 mill\u00f3n de armenios fueron asesinados por las tropas del imperio turco otomano con consignas discriminadoras y violentas que buscaban el exterminio f\u00edsico y de todas las manifestaciones que caracterizan a ese pueblo.<\/p>\n<p>Las relaciones diplom\u00e1ticas entre Argentina y Armenia comenzaron hace 30 a\u00f1os cuando el pa\u00eds asi\u00e1tico consolid\u00f3 su independencia.<\/p>\n<p><strong>En Argentina viven cerca de 250 mil personas con ra\u00edces armenias<\/strong> descendientes de quienes emigraron especialmente en las primeras d\u00e9cadas del siglo XX, y mantienen su cultura, idioma y religi\u00f3n.<\/p>\n<p><strong>La primera conmemoraci\u00f3n de esta fecha se realiz\u00f3 en 1919<\/strong> y fue organizada por algunos sobrevivientes en una iglesia armenia de la Santa Trinidad en Estambul. El gobierno de Turqu\u00eda contin\u00faa sin reconocer el genocidio y la colectividad armenia sigue luchando para que no se invisibilice la historia de su pueblo.<\/p>\n","protected":false},"excerpt":{"rendered":"<p>El director general de Cultura y Educaci\u00f3n de la provincia de Buenos Aires, Alberto Sileoni, particip\u00f3 esta semana de un emotivo acto en un colegio de Lan\u00fas al conmemorarse un nuevo aniversario del genocidio armenio. Visit\u00f3 el Colegio Armenio Jrimian de Valent\u00edn Alsina, donde recorri\u00f3 la muestra de trabajos de las y los estudiantes y [&hellip;]<\/p>\n","protected":false},"author":2,"featured_media":2100,"comment_status":"closed","ping_status":"closed","sticky":false,"template":"","format":"standard","meta":{"jetpack_post_was_ever_published":false,"_jetpack_newsletter_access":"","_jetpack_dont_email_post_to_subs":false,"_jetpack_newsletter_tier_id":0,"_jetpack_memberships_contains_paywalled_content":false,"_jetpack_memberships_contains_paid_content":false,"footnotes":"","jetpack_publicize_message":"","jetpack_publicize_feature_enabled":true,"jetpack_social_post_already_shared":true,"jetpack_social_options":{"image_generator_settings":{"template":"highway","enabled":false},"version":2}},"categories":[19],"tags":[789,345,774,787,790,23,788,227],"class_list":["post-2099","post","type-post","status-publish","format-standard","has-post-thumbnail","hentry","category-municipio","tag-alberto-sileoni","tag-aniversario","tag-destacadas","tag-educacion","tag-genocidio-armenio","tag-lanus","tag-sociedad","tag-valentin-alsina"],"jetpack_publicize_connections":[],"jetpack_featured_media_url":"https:\/\/i0.wp.com\/infolanus.com\/wp-content\/uploads\/2022\/04\/sileoni-visito-un-colegio-de-lanus-por-un-acto-en-conmemoracion-del-genocidio-armenio.jpg?fit=2400%2C1350&ssl=1","jetpack_sharing_enabled":true,"jetpack_shortlink":"https:\/\/wp.me\/p9QtMr-xR","_links":{"self":[{"href":"https:\/\/infolanus.com\/index.php\/wp-json\/wp\/v2\/posts\/2099","targetHints":{"allow":["GET"]}}],"collection":[{"href":"https:\/\/infolanus.com\/index.php\/wp-json\/wp\/v2\/posts"}],"about":[{"href":"https:\/\/infolanus.com\/index.php\/wp-json\/wp\/v2\/types\/post"}],"author":[{"embeddable":true,"href":"https:\/\/infolanus.com\/index.php\/wp-json\/wp\/v2\/users\/2"}],"replies":[{"embeddable":true,"href":"https:\/\/infolanus.com\/index.php\/wp-json\/wp\/v2\/comments?post=2099"}],"version-history":[{"count":1,"href":"https:\/\/infolanus.com\/index.php\/wp-json\/wp\/v2\/posts\/2099\/revisions"}],"predecessor-version":[{"id":2105,"href":"https:\/\/infolanus.com\/index.php\/wp-json\/wp\/v2\/posts\/2099\/revisions\/2105"}],"wp:featuredmedia":[{"embeddable":true,"href":"https:\/\/infolanus.com\/index.php\/wp-json\/wp\/v2\/media\/2100"}],"wp:attachment":[{"href":"https:\/\/infolanus.com\/index.php\/wp-json\/wp\/v2\/media?parent=2099"}],"wp:term":[{"taxonomy":"category","embeddable":true,"href":"https:\/\/infolanus.com\/index.php\/wp-json\/wp\/v2\/categories?post=2099"},{"taxonomy":"post_tag","embeddable":true,"href":"https:\/\/infolanus.com\/index.php\/wp-json\/wp\/v2\/tags?post=2099"}],"curies":[{"name":"wp","href":"https:\/\/api.w.org\/{rel}","templated":true}]}}