{"id":2120,"date":"2022-05-03T15:07:29","date_gmt":"2022-05-03T18:07:29","guid":{"rendered":"https:\/\/www.inforegion.com.ar\/?p=213183"},"modified":"2022-05-04T23:46:20","modified_gmt":"2022-05-05T02:46:20","slug":"la-seguridad-eje-del-encuentro-en-lanus-entre-grindetti-y-jorge-macri","status":"publish","type":"post","link":"https:\/\/infolanus.com\/index.php\/2022\/05\/03\/la-seguridad-eje-del-encuentro-en-lanus-entre-grindetti-y-jorge-macri\/","title":{"rendered":"La seguridad, eje del encuentro en Lan\u00fas entre Grindetti y Jorge Macri"},"content":{"rendered":"<p>El intendente de Lan\u00fas, N\u00e9stor Grindetti, junto con su jefe de gabinete y responsable de Seguiridad, Diego Kravetz, recibieron hoy a los ministros de Gobierno y de seguridad porte\u00f1os, Jorge Macri y Marcelo D\u00b4Alessandro, con quienes firm\u00f3 un convenio para la ampliaci\u00f3n del anillo digital que busca reforzar la seguridad y el control vehicular.<\/p>\n<p>Dentro de los puntos clave del convenio se encuentran el control automotor y poblacional en las entradas y salidas de la ciudad de Buenos Aires y para determinar una acci\u00f3n conjunta en casos en los que se detecte un impedimento judicial para circular, denuncias o pedidos de secuestro.<\/p>\n<p>Tras el encuentro, que se llev\u00f3 a cabo en el Centro de Monitoreo lanusense, Grindetti sostuvo que el municipio realiza \u201cgran esfuerzo en materia de seguridad sobre todo en los \u00faltimos seis a\u00f1os\u201d y, aunque, puso de relieve que es una responsabilidad que no les compete \u201cen una forma primaria\u201d, es a causa de la \u201cpreocupaci\u00f3n de los vecinos\u201d que est\u00e1n \u201cpresentes\u201d.<\/p>\n<figure class=\"wp-block-embed is-type-rich is-provider-twitter wp-block-embed-twitter\"><\/figure>\n<p>\u201cQueremos dar un paso m\u00e1s all\u00e1 porque el delito no termina de disminuir como a nosotros nos gustar\u00eda y esto es por un problema de coordinaci\u00f3n entre las fuerzas provinciales y federales. Tenemos que volver a trabajar como se trabaj\u00f3 en los a\u00f1os de Mauricio y Mar\u00eda Eugenia en el sentido de una participaci\u00f3n activa en una mesa del an\u00e1lisis del mapa del delito y otro paso es el de la dependencia de la polic\u00eda local lo cual es muy importante y estamos seguros de que colaborar\u00eda con la disminuci\u00f3n del delito\u201d agreg\u00f3 el jefe comunal.<\/p>\n<p>En la actualidad la Subsecretar\u00eda de Seguridad y Emergencias de Lan\u00fas posee un total de 1000 c\u00e1maras y se prev\u00e9 instalar otras 100 entre domos y fijas que podr\u00e1n integrar el software de reconocimiento facial a cada equipo.<\/p>\n<p>Por su parte, Jorge Macri destac\u00f3 la decisi\u00f3n compartida entre ambas jurisdicciones de \u201ccombatir el delito\u201d y de trabajar \u201cen equipo\u201d al explicar que las c\u00e1maras \u201cpermiten intervenir en el momento, frenar a una banda que ven\u00eda cometiendo delitos\u201d sin la necesidad de esperar una orden judicial sino intervenir para \u201cdetenerlos en el momento\u201d.<\/p>\n<p>\u201cEl trabajo en conjunto con la ciudad es muy importante, para que nos demos una idea cuando nosotros empezamos la gesti\u00f3n con (N\u00e9stor Grindetti) hab\u00eda unos 250 robos de autos por mes hoy estamos en menos de la mitad y eso es gracias al trabajo del intendente en el distrito pero tambi\u00e9n del trabajo coordinado que hemos logrado que nos permiti\u00f3 hacer esta suerte de espejo de anillos y hacer controles rec\u00edprocos que hace que a las bandas les cueste m\u00e1s venir a robar al distrito\u201d prcis\u00f3, Kravetz.<\/p>\n","protected":false},"excerpt":{"rendered":"<p>El intendente de Lan\u00fas, N\u00e9stor Grindetti, junto con su jefe de gabinete y responsable de Seguiridad, Diego Kravetz, recibieron hoy a los ministros de Gobierno y de seguridad porte\u00f1os, Jorge Macri y Marcelo D\u00b4Alessandro, con quienes firm\u00f3 un convenio para la ampliaci\u00f3n del anillo digital que busca reforzar la seguridad y el control vehicular. Dentro [&hellip;]<\/p>\n","protected":false},"author":2,"featured_media":2121,"comment_status":"closed","ping_status":"closed","sticky":false,"template":"","format":"standard","meta":{"jetpack_post_was_ever_published":false,"_jetpack_newsletter_access":"","_jetpack_dont_email_post_to_subs":false,"_jetpack_newsletter_tier_id":0,"_jetpack_memberships_contains_paywalled_content":false,"_jetpack_memberships_contains_paid_content":false,"footnotes":"","jetpack_publicize_message":"","jetpack_publicize_feature_enabled":true,"jetpack_social_post_already_shared":true,"jetpack_social_options":{"image_generator_settings":{"template":"highway","enabled":false},"version":2}},"categories":[19],"tags":[797,798,773,774,799,23,796],"class_list":["post-2120","post","type-post","status-publish","format-standard","has-post-thumbnail","hentry","category-municipio","tag-anillo-digital","tag-camaras","tag-centrales","tag-destacadas","tag-jorge-macri","tag-lanus","tag-seguridad-y-justicia"],"jetpack_publicize_connections":[],"jetpack_featured_media_url":"https:\/\/i0.wp.com\/infolanus.com\/wp-content\/uploads\/2022\/05\/la-seguridad-eje-del-encuentro-en-lanus-entre-grindetti-y-jorge-macri.jpg?fit=862%2C485&ssl=1","jetpack_sharing_enabled":true,"jetpack_shortlink":"https:\/\/wp.me\/p9QtMr-yc","_links":{"self":[{"href":"https:\/\/infolanus.com\/index.php\/wp-json\/wp\/v2\/posts\/2120","targetHints":{"allow":["GET"]}}],"collection":[{"href":"https:\/\/infolanus.com\/index.php\/wp-json\/wp\/v2\/posts"}],"about":[{"href":"https:\/\/infolanus.com\/index.php\/wp-json\/wp\/v2\/types\/post"}],"author":[{"embeddable":true,"href":"https:\/\/infolanus.com\/index.php\/wp-json\/wp\/v2\/users\/2"}],"replies":[{"embeddable":true,"href":"https:\/\/infolanus.com\/index.php\/wp-json\/wp\/v2\/comments?post=2120"}],"version-history":[{"count":1,"href":"https:\/\/infolanus.com\/index.php\/wp-json\/wp\/v2\/posts\/2120\/revisions"}],"predecessor-version":[{"id":2134,"href":"https:\/\/infolanus.com\/index.php\/wp-json\/wp\/v2\/posts\/2120\/revisions\/2134"}],"wp:featuredmedia":[{"embeddable":true,"href":"https:\/\/infolanus.com\/index.php\/wp-json\/wp\/v2\/media\/2121"}],"wp:attachment":[{"href":"https:\/\/infolanus.com\/index.php\/wp-json\/wp\/v2\/media?parent=2120"}],"wp:term":[{"taxonomy":"category","embeddable":true,"href":"https:\/\/infolanus.com\/index.php\/wp-json\/wp\/v2\/categories?post=2120"},{"taxonomy":"post_tag","embeddable":true,"href":"https:\/\/infolanus.com\/index.php\/wp-json\/wp\/v2\/tags?post=2120"}],"curies":[{"name":"wp","href":"https:\/\/api.w.org\/{rel}","templated":true}]}}