{"id":2147,"date":"2022-05-06T11:17:45","date_gmt":"2022-05-06T14:17:45","guid":{"rendered":"https:\/\/www.ambito.com\/mundo\/colombia\/terror-el-paro-armado-del-clan-del-golfo-n5433339"},"modified":"2022-05-06T11:17:45","modified_gmt":"2022-05-06T14:17:45","slug":"terror-en-colombia-por-el-paro-armado-del-clan-del-golfo","status":"publish","type":"post","link":"https:\/\/infolanus.com\/index.php\/2022\/05\/06\/terror-en-colombia-por-el-paro-armado-del-clan-del-golfo\/","title":{"rendered":"Terror en Colombia por el paro armado del Clan del Golfo"},"content":{"rendered":"<div><img data-recalc-dims=\"1\" decoding=\"async\" src=\"https:\/\/i0.wp.com\/media.ambito.com\/p\/10f0f25d5c7b5df36f32528e23046190\/adjuntos\/239\/imagenes\/039\/836\/0039836251\/1200x675\/smart\/colombia-paro-armado-clan-del-golfo.jpg?w=640&#038;ssl=1\" class=\"ff-og-image-inserted\"><\/div>\n<p>El balance de la violencia desatada por las &#8220;Autodefensas Gaitanistas de Colombia&#8221; (AGC), el nombre pol\u00edtico del Clan del Golfo, dej\u00f3 18 veh\u00edculos y seis motocicletas incineradas en poblaciones del departamento de <strong>Antioquia <\/strong>(noroeste), en la subregi\u00f3n conocida como el Bajo Cauca.<\/p>\n<p>Mientras que en los departamentos de <strong>Sucre <\/strong>fueron quemados 10 veh\u00edculos y en su vecino <strong>C\u00f3rdoba <\/strong>quemaron dos autobuses y cuatro motocicletas.<\/p>\n<p>La situaci\u00f3n oblig\u00f3 a Orlando Ben\u00edtez, gobernador de C\u00f3rdoba, a la <strong>prohibici\u00f3n desde este jueves y hasta el pr\u00f3ximo lunes de la circulaci\u00f3n de dos personas en una motocicleta y el porte de armas,<\/strong> adem\u00e1s suspendi\u00f3 las clases en colegios p\u00fablicos y privados.<\/p>\n<p>En el sur del departamento de <strong>Bol\u00edvar <\/strong>fueron incinerados cinco veh\u00edculos, mientras que en <strong>Barranquilla<\/strong>, capital del Atl\u00e1ntico, dos hombres le prendieron fuego a un autob\u00fas. Ambos fueron arrestados por autoridades.<\/p>\n<p>El ministro de Defensa de Colombia, Diego Molano, redujo la situaci\u00f3n a &#8220;tres obstrucciones de v\u00eda&#8221; y a &#8220;algunas afectaciones a automotores que han sido incinerados&#8221;, pero advirti\u00f3 que &#8220;sigue la ofensiva contra este Clan del Golfo&#8221;.<\/p>\n<p>&#8220;La fuerza p\u00fablica ha previsto dispositivos dentro del Plan Democracia para dar protecci\u00f3n y seguridad en aquellas zonas donde tiene influencia el Clan del Golfo, como potencial retaliaci\u00f3n a la extradici\u00f3n de alias Otoniel&#8221;, afirm\u00f3.<\/p>\n<p>Molano tambi\u00e9n report\u00f3 la captura de cinco personas, en las ciudades de Monter\u00eda, Barranquilla y Ceret\u00e9, se\u00f1alados de ser miembros del Clan del Golfo.<\/p>\n<p>La Fundaci\u00f3n para la Libertad de Prensa expres\u00f3 su &#8220;preocupaci\u00f3n&#8221; en un bolet\u00edn &#8220;por la <strong>censura que est\u00e1n sufriendo quince medios de comunicaci\u00f3n<\/strong>&#8221; y que incluyen hostigamientos a periodistas por parte de hombres armados.<\/p>\n<p>Otoniel, que hasta su detenci\u00f3n en octubre 2021 fue el hombre m\u00e1s buscado de Colombia, fue extraditado el mi\u00e9rcoles desde Bogot\u00e1 a Nueva York para responder ante una corte por tr\u00e1fico de coca\u00edna.<\/p>\n<p><strong> El capo narco compareci\u00f3 este jueves ante el juez del tribunal de Brooklyn y se declar\u00f3 inocente.<\/strong><\/p>\n<p>Hasta su captura, cerca de la frontera con Panam\u00e1, &#8220;Otoniel&#8221;, comandaba el cartel del narco responsable del 30% (unas 300 toneladas) de las exportaciones de coca\u00edna del mayor productor mundial de esa droga.<\/p>\n<p>Para el gobierno colombiano, su captura y posterior extradici\u00f3n es el golpe m\u00e1s contundente contra la mafia desde la muerte de Pablo Escobar, abatido por la polic\u00eda en 1993.<\/p>\n","protected":false},"excerpt":{"rendered":"<p>El balance de la violencia desatada por las &#8220;Autodefensas Gaitanistas de Colombia&#8221; (AGC), el nombre pol\u00edtico del Clan del Golfo, dej\u00f3 18 veh\u00edculos y seis motocicletas incineradas en poblaciones del departamento de Antioquia (noroeste), en la subregi\u00f3n conocida como el Bajo Cauca. Mientras que en los departamentos de Sucre fueron quemados 10 veh\u00edculos y en [&hellip;]<\/p>\n","protected":false},"author":2,"featured_media":2148,"comment_status":"closed","ping_status":"closed","sticky":false,"template":"","format":"standard","meta":{"jetpack_post_was_ever_published":false,"_jetpack_newsletter_access":"","_jetpack_dont_email_post_to_subs":false,"_jetpack_newsletter_tier_id":0,"_jetpack_memberships_contains_paywalled_content":false,"_jetpack_memberships_contains_paid_content":false,"footnotes":"","jetpack_publicize_message":"","jetpack_publicize_feature_enabled":true,"jetpack_social_post_already_shared":true,"jetpack_social_options":{"image_generator_settings":{"template":"highway","enabled":false},"version":2}},"categories":[20],"tags":[],"class_list":["post-2147","post","type-post","status-publish","format-standard","has-post-thumbnail","hentry","category-mundo"],"jetpack_publicize_connections":[],"jetpack_featured_media_url":"https:\/\/i0.wp.com\/infolanus.com\/wp-content\/uploads\/2022\/05\/terror-en-colombia-por-el-paro-armado-del-clan-del-golfo.jpg?fit=1200%2C675&ssl=1","jetpack_sharing_enabled":true,"jetpack_shortlink":"https:\/\/wp.me\/p9QtMr-yD","_links":{"self":[{"href":"https:\/\/infolanus.com\/index.php\/wp-json\/wp\/v2\/posts\/2147","targetHints":{"allow":["GET"]}}],"collection":[{"href":"https:\/\/infolanus.com\/index.php\/wp-json\/wp\/v2\/posts"}],"about":[{"href":"https:\/\/infolanus.com\/index.php\/wp-json\/wp\/v2\/types\/post"}],"author":[{"embeddable":true,"href":"https:\/\/infolanus.com\/index.php\/wp-json\/wp\/v2\/users\/2"}],"replies":[{"embeddable":true,"href":"https:\/\/infolanus.com\/index.php\/wp-json\/wp\/v2\/comments?post=2147"}],"version-history":[{"count":0,"href":"https:\/\/infolanus.com\/index.php\/wp-json\/wp\/v2\/posts\/2147\/revisions"}],"wp:featuredmedia":[{"embeddable":true,"href":"https:\/\/infolanus.com\/index.php\/wp-json\/wp\/v2\/media\/2148"}],"wp:attachment":[{"href":"https:\/\/infolanus.com\/index.php\/wp-json\/wp\/v2\/media?parent=2147"}],"wp:term":[{"taxonomy":"category","embeddable":true,"href":"https:\/\/infolanus.com\/index.php\/wp-json\/wp\/v2\/categories?post=2147"},{"taxonomy":"post_tag","embeddable":true,"href":"https:\/\/infolanus.com\/index.php\/wp-json\/wp\/v2\/tags?post=2147"}],"curies":[{"name":"wp","href":"https:\/\/api.w.org\/{rel}","templated":true}]}}