{"id":2173,"date":"2022-05-10T17:31:30","date_gmt":"2022-05-10T20:31:30","guid":{"rendered":"http:\/\/infolanus.com\/index.php\/2022\/05\/10\/tiene-17-anos-y-representa-a-la-argentina-en-el-mundial-junior-de-tiro-olimpico\/"},"modified":"2022-05-10T17:31:30","modified_gmt":"2022-05-10T20:31:30","slug":"tiene-17-anos-y-representa-a-la-argentina-en-el-mundial-junior-de-tiro-olimpico","status":"publish","type":"post","link":"https:\/\/infolanus.com\/index.php\/2022\/05\/10\/tiene-17-anos-y-representa-a-la-argentina-en-el-mundial-junior-de-tiro-olimpico\/","title":{"rendered":"Tiene 17 a\u00f1os y representa a la Argentina en el Mundial Junior de Tiro Ol\u00edmpico"},"content":{"rendered":"<div class=\"media_block\"><\/div>\n<p>Quiles, de<strong> 17 a\u00f1os<\/strong>, nacido en la ciudad de General Alvear, Mendoza, deber\u00e1 disputar la disciplina sobre 10 metros, con rifle de aire 4,5 mm., con 60 disparos en una hora y cuarto.<\/p>\n<p>El objetivo es ingresar entre los <strong>10 primeros <\/strong>para la final, instancia donde se disputan el primer segundo y tercer puesto.&nbsp;\u201cM\u00e1s que nada es adquirir experiencia y disfrutar. Una competencia de este nivel, si bien me pone algo nervioso, voy a disfrutar, ver m\u00e1s que nada c\u00f3mo es el ambiente y el movimiento de una competencia tan importante\u201d, declar\u00f3 antes de su partida el prometedor&nbsp;deportista.<\/p>\n<p><img data-recalc-dims=\"1\" decoding=\"async\" alt=\"05_10CristianQuilesTiradorArgentino\" src=\"https:\/\/i0.wp.com\/fotos.perfil.com\/\/2022\/05\/10\/900\/0\/0510cristianquilestiradorargentino-1354519.jpg?w=640&#038;ssl=1\"><\/p>\n<p>Manifest\u00f3 tambi\u00e9n: \u201cMe he preparado con Mario Negri, viajando los fines de semana&nbsp;a la Ciudad de Mendoza para entrenar, para terminar de <strong>corregir<\/strong> algunos errores que ten\u00eda en la posici\u00f3n y poder ir lo m\u00e1s afinado posible a Alemania\u201d.<\/p>\n<p><img data-recalc-dims=\"1\" decoding=\"async\" alt=\"05_10CristianQuilesTiradorArgentino\" src=\"https:\/\/i0.wp.com\/fotos.perfil.com\/\/2022\/05\/10\/900\/0\/0510cristianquilestiradorargentino-1354518.jpg?w=640&#038;ssl=1\"><\/p>\n<p>Por su parte, Negri, entrenador e integrante del Equipo T\u00e9cnico Argentino de Tiro, aprovech\u00f3 para abordar brevemente un <strong>tema cr\u00edtico<\/strong> en la pr\u00e1ctica del tiro deportivo, la falta de apoyo financiero para la actividad. \u201cEl tema de costos es un problema para la competencia, pero trabajamos para mejorar todos los d\u00edas\u201d. Una carabina de competici\u00f3n, por ejemplo, puede llegar a un costo de 4.000 d\u00f3lares.<\/p>\n<p>La Copa del Mundo Juvenil ISSF 2022, que se lleva a cabo en la localidad alemana de Suhl, se extender\u00e1 <strong>hasta el 19 de mayo<\/strong>.<\/p>\n<div class=\"col-12\">\n<h3>Galer\u00eda de im\u00e1genes<\/h3>\n<\/p><\/div>\n<p> <noscript><a href=\"https:\/\/ads.us.e-planning.net\/ei\/3\/259a6\/articulo\/teads?it=i&amp;rnd=$RANDOM\" target=\"_blank\"><img loading=\"lazy\" decoding=\"async\" width=\"1\" height=\"1\" alt=\"e-planning ad\" src=\"https:\/\/ads.us.e-planning.net\/eb\/3\/259a6\/articulo\/teads?o=i&amp;rnd=$RANDOM\" border=\"0\"><\/a><\/noscript> <\/p>\n","protected":false},"excerpt":{"rendered":"<p>Quiles, de 17 a\u00f1os, nacido en la ciudad de General Alvear, Mendoza, deber\u00e1 disputar la disciplina sobre 10 metros, con rifle de aire 4,5 mm., con 60 disparos en una hora y cuarto. El objetivo es ingresar entre los 10 primeros para la final, instancia donde se disputan el primer segundo y tercer puesto.&nbsp;\u201cM\u00e1s que [&hellip;]<\/p>\n","protected":false},"author":2,"featured_media":2174,"comment_status":"closed","ping_status":"closed","sticky":false,"template":"","format":"standard","meta":{"jetpack_post_was_ever_published":false,"_jetpack_newsletter_access":"","_jetpack_dont_email_post_to_subs":false,"_jetpack_newsletter_tier_id":0,"_jetpack_memberships_contains_paywalled_content":false,"_jetpack_memberships_contains_paid_content":false,"footnotes":"","jetpack_publicize_message":"","jetpack_publicize_feature_enabled":true,"jetpack_social_post_already_shared":true,"jetpack_social_options":{"image_generator_settings":{"template":"highway","enabled":false},"version":2}},"categories":[17],"tags":[],"class_list":["post-2173","post","type-post","status-publish","format-standard","has-post-thumbnail","hentry","category-deportes"],"jetpack_publicize_connections":[],"jetpack_featured_media_url":"https:\/\/i0.wp.com\/infolanus.com\/wp-content\/uploads\/2022\/05\/tiene-17-anos-y-representa-a-la-argentina-en-el-mundial-junior-de-tiro-olimpico.jpg?fit=700%2C935&ssl=1","jetpack_sharing_enabled":true,"jetpack_shortlink":"https:\/\/wp.me\/p9QtMr-z3","_links":{"self":[{"href":"https:\/\/infolanus.com\/index.php\/wp-json\/wp\/v2\/posts\/2173","targetHints":{"allow":["GET"]}}],"collection":[{"href":"https:\/\/infolanus.com\/index.php\/wp-json\/wp\/v2\/posts"}],"about":[{"href":"https:\/\/infolanus.com\/index.php\/wp-json\/wp\/v2\/types\/post"}],"author":[{"embeddable":true,"href":"https:\/\/infolanus.com\/index.php\/wp-json\/wp\/v2\/users\/2"}],"replies":[{"embeddable":true,"href":"https:\/\/infolanus.com\/index.php\/wp-json\/wp\/v2\/comments?post=2173"}],"version-history":[{"count":0,"href":"https:\/\/infolanus.com\/index.php\/wp-json\/wp\/v2\/posts\/2173\/revisions"}],"wp:featuredmedia":[{"embeddable":true,"href":"https:\/\/infolanus.com\/index.php\/wp-json\/wp\/v2\/media\/2174"}],"wp:attachment":[{"href":"https:\/\/infolanus.com\/index.php\/wp-json\/wp\/v2\/media?parent=2173"}],"wp:term":[{"taxonomy":"category","embeddable":true,"href":"https:\/\/infolanus.com\/index.php\/wp-json\/wp\/v2\/categories?post=2173"},{"taxonomy":"post_tag","embeddable":true,"href":"https:\/\/infolanus.com\/index.php\/wp-json\/wp\/v2\/tags?post=2173"}],"curies":[{"name":"wp","href":"https:\/\/api.w.org\/{rel}","templated":true}]}}