{"id":2216,"date":"2022-05-15T03:15:54","date_gmt":"2022-05-15T06:15:54","guid":{"rendered":"http:\/\/infolanus.com\/index.php\/2022\/05\/15\/doman-rompio-la-oposicion\/"},"modified":"2022-05-15T03:15:54","modified_gmt":"2022-05-15T06:15:54","slug":"doman-rompio-la-oposicion","status":"publish","type":"post","link":"https:\/\/infolanus.com\/index.php\/2022\/05\/15\/doman-rompio-la-oposicion\/","title":{"rendered":"Doman rompi\u00f3 la oposici\u00f3n"},"content":{"rendered":"<div class=\"media_block\"><\/div>\n<div><img data-recalc-dims=\"1\" decoding=\"async\" src=\"https:\/\/i0.wp.com\/fotos.perfil.com\/2022\/05\/15\/trim\/1140\/641\/20220515fabiandomanafpg-1356919.jpg?w=640&#038;ssl=1\" class=\"ff-og-image-inserted\"><\/div>\n<p>La presencia de Fabi\u00e1n Doman en la reuni\u00f3n del viernes con dirigentes del oficialismo de Independiente y otros sectores opositores provoc\u00f3 malestar en la agrupaci\u00f3n que lo tiene como candidato a presidente. En un comunicado que public\u00f3 ayer, la alianza Unidad Independiente deja claro que \u201cno adhiere y desconoce el documento firmado e impulsado por el oficialismo y las agrupaciones Independiente Tradicional y Gente de Independiente\u201d.<\/p>\n<p>Con las firmas de Cristian Ritondo, N\u00e9stor Grindetti y Juan Marconi, entre otros candidatos, el comunicado aclara que \u201cestas iniciativas son decisiones netamente personales, no reflejan el pensamiento de este espacio y no fueron consensuadas con el resto de las agrupaciones pol\u00edticas que componen el espacio Unidad Independiente\u201d.<\/p>\n<p>En el encuentro del viernes en el estadio Ricardo Bochini, Doman lleg\u00f3 a un acuerdo para impulsar una lista de unidad y firm\u00f3 un comunicado junto con el presidente Hugo Moyano, el secretario general Yoyo Maldonado, y los opositores Claudio Rudecindo y Andr\u00e9s Ducatenzeiler.&nbsp;<\/p>\n<p>Dirigentes de Unidad Independiente le hab\u00edan pedido expresamente a Doman que no participara de la reuni\u00f3n, teniendo en cuenta las diferencias irreconciliables que tienen con algunos de los que participaron, en especial Ducatenzeiler. Sin embargo, Doman prefiri\u00f3 sumarse a la reuni\u00f3n y firmar el acta en nombre de la agrupaci\u00f3n cuando no estaba consensuado.<\/p>\n<p>De esta manera, Unidad Independiente, la alianza opositora que m\u00e1s posibilidad ten\u00eda de pelearle las elecciones al oficialismo en diciembre y que al final fueron suspendidas, qued\u00f3 debilitada.&nbsp;<\/p>\n<p>A la crisis institucional, econ\u00f3mica y deportiva, Independiente le suma las internas entre los opositores. Si la unidad con el moyanismo avanza, la ruptura de Doman con su alianza ser\u00eda inevitable. En el Rojo no hay paz ni entre aquellos que la proponen.<\/p>\n<div class=\"noticias-relacionadas\" readability=\"0.70226537216828\">\n<p>Tambi\u00e9n te puede interesar<\/p>\n<\/p><\/div>\n","protected":false},"excerpt":{"rendered":"<p>La presencia de Fabi\u00e1n Doman en la reuni\u00f3n del viernes con dirigentes del oficialismo de Independiente y otros sectores opositores provoc\u00f3 malestar en la agrupaci\u00f3n que lo tiene como candidato a presidente. En un comunicado que public\u00f3 ayer, la alianza Unidad Independiente deja claro que \u201cno adhiere y desconoce el documento firmado e impulsado por [&hellip;]<\/p>\n","protected":false},"author":2,"featured_media":2217,"comment_status":"closed","ping_status":"closed","sticky":false,"template":"","format":"standard","meta":{"jetpack_post_was_ever_published":false,"_jetpack_newsletter_access":"","_jetpack_dont_email_post_to_subs":false,"_jetpack_newsletter_tier_id":0,"_jetpack_memberships_contains_paywalled_content":false,"_jetpack_memberships_contains_paid_content":false,"footnotes":"","jetpack_publicize_message":"","jetpack_publicize_feature_enabled":true,"jetpack_social_post_already_shared":true,"jetpack_social_options":{"image_generator_settings":{"template":"highway","enabled":false},"version":2}},"categories":[17],"tags":[],"class_list":["post-2216","post","type-post","status-publish","format-standard","has-post-thumbnail","hentry","category-deportes"],"jetpack_publicize_connections":[],"jetpack_featured_media_url":"https:\/\/i0.wp.com\/infolanus.com\/wp-content\/uploads\/2022\/05\/doman-rompio-la-oposicion.jpg?fit=1140%2C641&ssl=1","jetpack_sharing_enabled":true,"jetpack_shortlink":"https:\/\/wp.me\/p9QtMr-zK","_links":{"self":[{"href":"https:\/\/infolanus.com\/index.php\/wp-json\/wp\/v2\/posts\/2216","targetHints":{"allow":["GET"]}}],"collection":[{"href":"https:\/\/infolanus.com\/index.php\/wp-json\/wp\/v2\/posts"}],"about":[{"href":"https:\/\/infolanus.com\/index.php\/wp-json\/wp\/v2\/types\/post"}],"author":[{"embeddable":true,"href":"https:\/\/infolanus.com\/index.php\/wp-json\/wp\/v2\/users\/2"}],"replies":[{"embeddable":true,"href":"https:\/\/infolanus.com\/index.php\/wp-json\/wp\/v2\/comments?post=2216"}],"version-history":[{"count":0,"href":"https:\/\/infolanus.com\/index.php\/wp-json\/wp\/v2\/posts\/2216\/revisions"}],"wp:featuredmedia":[{"embeddable":true,"href":"https:\/\/infolanus.com\/index.php\/wp-json\/wp\/v2\/media\/2217"}],"wp:attachment":[{"href":"https:\/\/infolanus.com\/index.php\/wp-json\/wp\/v2\/media?parent=2216"}],"wp:term":[{"taxonomy":"category","embeddable":true,"href":"https:\/\/infolanus.com\/index.php\/wp-json\/wp\/v2\/categories?post=2216"},{"taxonomy":"post_tag","embeddable":true,"href":"https:\/\/infolanus.com\/index.php\/wp-json\/wp\/v2\/tags?post=2216"}],"curies":[{"name":"wp","href":"https:\/\/api.w.org\/{rel}","templated":true}]}}