{"id":2236,"date":"2022-05-16T12:57:22","date_gmt":"2022-05-16T15:57:22","guid":{"rendered":"https:\/\/www.inforegion.com.ar\/?p=214599"},"modified":"2022-05-16T12:57:22","modified_gmt":"2022-05-16T15:57:22","slug":"grindetti-se-reunio-con-macri-a-quien-definio-como-referencia-ineludible","status":"publish","type":"post","link":"https:\/\/infolanus.com\/index.php\/2022\/05\/16\/grindetti-se-reunio-con-macri-a-quien-definio-como-referencia-ineludible\/","title":{"rendered":"Grindetti se reuni\u00f3 con Macri, a quien defini\u00f3 como \u201creferencia ineludible\u201d"},"content":{"rendered":"<div><img data-recalc-dims=\"1\" decoding=\"async\" src=\"https:\/\/i0.wp.com\/www.inforegion.com.ar\/wp-content\/uploads\/2022\/05\/grindettimacri.jpg?w=640&#038;ssl=1\" class=\"ff-og-image-inserted\"><\/div>\n<p>En medio de las tensiones dentro de Juntos por el Cambio y luego de que <strong>el intendente de Lan\u00fas, N\u00e9stor Grindetti, se bajara de la Mesa Provincial del PRO, se reuni\u00f3 con el ex presidente Mauricio Macri<\/strong>. \u201cEs una referencia ineludible\u201d, asegur\u00f3 el jefe comunal.<\/p>\n<p>\u201cPara m\u00ed, siempre es importante reunirme con Mauricio Macri. Tanto para intercambiar ideas, como para proyectar el futuro. <strong>Sin duda alguna, es una referencia ineludible en nuestro espacio pol\u00edtico<\/strong> para todos los dirigentes y militantes. \u00a1Gracias por recibirme, Mauricio!\u201d, poste\u00f3 este lunes Grindetti.<\/p>\n<p><strong>La semana pasada, el intendente de Lan\u00fas decidi\u00f3 <a href=\"https:\/\/www.inforegion.com.ar\/2022\/05\/13\/en-tension-con-macri-grindetti-renuncio-a-la-mesa-provincial-del-pro\/\">dar un paso al costado<\/a> y dejar la m<\/strong>esa provincial del PRO. Un mes antes, hab\u00eda lanzado <a href=\"https:\/\/www.inforegion.com.ar\/2022\/04\/22\/con-diego-kravetz-al-frente-grindetti-y-garro-lanzaron-hacemos-juntos\/\">Juntos Hacemos <\/a>junto a su par Julio Garro, espacio encabezado por el jefe de Gabinete y responsable del \u00e1rea de Seguridad del distrito, Diego Kravetz.<\/p>\n<p>De cara a las elecciones del a\u00f1o que viene, las diferencias comienzan a darse en los distintos frentes, tanto en el oficialismo como en la oposici\u00f3n. Los nombres y las candidaturas provocan algunas rispideces. En JxC, por ejemplo, la negativa a la eventual incorporaci\u00f3n de Javier Milei a las filas de la alianza despertaron <a href=\"https:\/\/www.inforegion.com.ar\/2022\/04\/28\/se-enojo-bullrich-porque-no-quiere-que-le-cierren-la-puerta-a-javier-milei-en-jxc\/\">malestar en algunos sectores<\/a>. En este escenario, Grindetti hab\u00eda pedido \u201cno hablar de personas\u201d sino de \u201cideas\u201d y <a href=\"https:\/\/www.inforegion.com.ar\/2022\/04\/30\/grindetti-se-diferencio-de-milei-el-estado-no-es-el-enemigo-los-enemigos-son-los-que-lo-administran-mal\/\">manifest\u00f3 su rechazo a la idea de un Estado como enemigo.<\/a><\/p>\n","protected":false},"excerpt":{"rendered":"<p>En medio de las tensiones dentro de Juntos por el Cambio y luego de que el intendente de Lan\u00fas, N\u00e9stor Grindetti, se bajara de la Mesa Provincial del PRO, se reuni\u00f3 con el ex presidente Mauricio Macri. \u201cEs una referencia ineludible\u201d, asegur\u00f3 el jefe comunal. \u201cPara m\u00ed, siempre es importante reunirme con Mauricio Macri. Tanto [&hellip;]<\/p>\n","protected":false},"author":2,"featured_media":2237,"comment_status":"closed","ping_status":"closed","sticky":false,"template":"","format":"standard","meta":{"jetpack_post_was_ever_published":false,"_jetpack_newsletter_access":"","_jetpack_dont_email_post_to_subs":false,"_jetpack_newsletter_tier_id":0,"_jetpack_memberships_contains_paywalled_content":false,"_jetpack_memberships_contains_paid_content":false,"footnotes":"","jetpack_publicize_message":"","jetpack_publicize_feature_enabled":true,"jetpack_social_post_already_shared":true,"jetpack_social_options":{"image_generator_settings":{"template":"highway","enabled":false},"version":2}},"categories":[19,16],"tags":[773,774,792,794,23,58,99,724],"class_list":["post-2236","post","type-post","status-publish","format-standard","has-post-thumbnail","hentry","category-municipio","category-politica","tag-centrales","tag-destacadas","tag-elecciones-2023","tag-juntos-por-el-cambio","tag-lanus","tag-mauricio-macri","tag-nestor-grindetti","tag-politica"],"jetpack_publicize_connections":[],"jetpack_featured_media_url":"https:\/\/i0.wp.com\/infolanus.com\/wp-content\/uploads\/2022\/05\/grindetti-se-reunio-con-macri-a-quien-definio-como-referencia-ineludible.jpg?fit=2400%2C1350&ssl=1","jetpack_sharing_enabled":true,"jetpack_shortlink":"https:\/\/wp.me\/p9QtMr-A4","_links":{"self":[{"href":"https:\/\/infolanus.com\/index.php\/wp-json\/wp\/v2\/posts\/2236","targetHints":{"allow":["GET"]}}],"collection":[{"href":"https:\/\/infolanus.com\/index.php\/wp-json\/wp\/v2\/posts"}],"about":[{"href":"https:\/\/infolanus.com\/index.php\/wp-json\/wp\/v2\/types\/post"}],"author":[{"embeddable":true,"href":"https:\/\/infolanus.com\/index.php\/wp-json\/wp\/v2\/users\/2"}],"replies":[{"embeddable":true,"href":"https:\/\/infolanus.com\/index.php\/wp-json\/wp\/v2\/comments?post=2236"}],"version-history":[{"count":0,"href":"https:\/\/infolanus.com\/index.php\/wp-json\/wp\/v2\/posts\/2236\/revisions"}],"wp:featuredmedia":[{"embeddable":true,"href":"https:\/\/infolanus.com\/index.php\/wp-json\/wp\/v2\/media\/2237"}],"wp:attachment":[{"href":"https:\/\/infolanus.com\/index.php\/wp-json\/wp\/v2\/media?parent=2236"}],"wp:term":[{"taxonomy":"category","embeddable":true,"href":"https:\/\/infolanus.com\/index.php\/wp-json\/wp\/v2\/categories?post=2236"},{"taxonomy":"post_tag","embeddable":true,"href":"https:\/\/infolanus.com\/index.php\/wp-json\/wp\/v2\/tags?post=2236"}],"curies":[{"name":"wp","href":"https:\/\/api.w.org\/{rel}","templated":true}]}}