{"id":2250,"date":"2022-05-20T15:58:00","date_gmt":"2022-05-20T18:58:00","guid":{"rendered":"https:\/\/www.ambito.com\/mundo\/chile\/el-mayor-radiotelescopio-busca-duplicar-su-capacidad-observacion-2030-n5443656"},"modified":"2022-05-20T15:58:00","modified_gmt":"2022-05-20T18:58:00","slug":"chile-el-mayor-radiotelescopio-busca-duplicar-su-capacidad-de-observacion-para-2030","status":"publish","type":"post","link":"https:\/\/infolanus.com\/index.php\/2022\/05\/20\/chile-el-mayor-radiotelescopio-busca-duplicar-su-capacidad-de-observacion-para-2030\/","title":{"rendered":"Chile: el mayor radiotelescopio busca duplicar su capacidad de observaci\u00f3n para 2030"},"content":{"rendered":"<div><img data-recalc-dims=\"1\" decoding=\"async\" src=\"https:\/\/i0.wp.com\/media.ambito.com\/p\/22d395f53d7274b6bcc4b3499c4a187f\/adjuntos\/239\/imagenes\/039\/872\/0039872039\/almajpg.jpg?w=640&#038;ssl=1\" class=\"ff-og-image-inserted\"><\/div>\n<div contenteditable=\"false\" class=\"embed_cont type_freetext\" rel=\"freetext\" id=\"embed6832_wrap\" data-provider=\"Twitter\" readability=\"27.239024390244\">\n<p>https:\/\/twitter.com\/MarcaChile\/status\/1527286670181036032<span onclick=\"parent.parent.TinyMCETdcuerpo.preview_embed('embed6832')\" class=\"embed_colapse less\" id=\"embed6832_colapse\"><\/span><span onclick=\"parent.parent.TinyMCETdcuerpo.delete_embed('embed6832')\" class=\"embed_delete less\" id=\"embed6832_delete\"><\/span><\/p>\n<div id=\"embed6832_content\" class=\"embed_content\">\n<div id=\"embed6832_embed\" readability=\"7.4403409090909\">\n<blockquote data-td-script-src=\"https:\/\/platform.twitter.com\/widgets.js\" class=\"twitter-tweet\" readability=\"9.09375\">\n<p dir=\"ltr\" lang=\"es\"> Tenemos los cielos m\u00e1s limpios del! Junto a la prensa internacional visitamos ALMA, el mayor radiotelescopio del planeta! Aqu\u00ed su director, Sean Dougherty, se refiri\u00f3 al \u00faltimo anuncio realizado: la foto del agujero negro al centro de la V\u00eda L\u00e1ctea <a href=\"https:\/\/t.co\/XTlrc50Tgi\">https:\/\/t.co\/XTlrc50Tgi<\/a> <a href=\"https:\/\/t.co\/42PoxHMHYL\">pic.twitter.com\/42PoxHMHYL<\/a><\/p>\n<p> \u2014 Imagen de Chile (@MarcaChile) <a href=\"https:\/\/twitter.com\/MarcaChile\/status\/1527286670181036032?ref_src=twsrc%5Etfw\">May 19, 2022<\/a><\/p><\/blockquote>\n<\/div><\/div>\n<\/p><\/div>\n<p>&#8220;Estamos esperand<strong>o incrementar el ancho de banda de los sistemas de los telescopios por cuatro<\/strong> idealmente, lo que significa que podr\u00edamos<strong> aumentar nuestra capacidad de imagen al doble<\/strong>, y el tipo de im\u00e1genes que vimos la semana pasada ser\u00edan<strong> m\u00e1s delicadas y densas<\/strong>, y por lo tanto <strong>con mayor detalle<\/strong>&#8220;, afirm\u00f3 el director de ALMA y astrof\u00edsico canadiense, <strong>Sean Dougherty<\/strong>.<\/p>\n<p>Despu\u00e9s de estar seis meses cerrado durante la pandemia, ALMA reanud\u00f3 sus actividades para volver a observar el cielo y <strong>retomar proyectos astron\u00f3micos desarrollados a nivel internacional<\/strong>. En tanto, <strong>n<\/strong><strong>ecesita duplicar su sensibilidad a la hora de recrear las im\u00e1genes tomadas por sus 66 antenas <\/strong>(54 de 12 metros de di\u00e1metro y 12 de siete metros de di\u00e1metro), cuyas se\u00f1ales se combinan entre s\u00ed para actuar como un <strong>megatelescopio<\/strong>.<\/p>\n<div contenteditable=\"false\" class=\"embed_cont type_freetext\" rel=\"freetext\" id=\"embed4397_wrap\" data-provider=\"Twitter\" readability=\"26.538461538462\">\n<p>https:\/\/twitter.com\/ALMAObs_esp\/status\/1527287961074688000<span onclick=\"parent.parent.TinyMCETdcuerpo.preview_embed('embed4397')\" class=\"embed_colapse less\" id=\"embed4397_colapse\"><\/span><span onclick=\"parent.parent.TinyMCETdcuerpo.delete_embed('embed4397')\" class=\"embed_delete less\" id=\"embed4397_delete\"><\/span><\/p>\n<div id=\"embed4397_content\" class=\"embed_content\">\n<div id=\"embed4397_embed\" readability=\"6.4089635854342\">\n<blockquote data-td-script-src=\"https:\/\/platform.twitter.com\/widgets.js\" class=\"twitter-tweet\" readability=\"7.2100840336134\">\n<p dir=\"ltr\" lang=\"es\"> \u00bfYa pas\u00f3 una semana? \u00a1Parece como hubiera sido ayer! Agujero negro SgrA* en la <a href=\"https:\/\/twitter.com\/hashtag\/vialactea?src=hash&amp;ref_src=twsrc%5Etfw\">#vialactea<\/a> La imagen es un promedio de las diferentes im\u00e1genes que extrajo el equipo, revelando finalmente al gigante que acecha en el centro de nuestra galaxia por 1era vez <a href=\"https:\/\/t.co\/IXzGr9iSDS\">https:\/\/t.co\/IXzGr9iSDS<\/a> <a href=\"https:\/\/t.co\/sbVhzL3w3I\">pic.twitter.com\/sbVhzL3w3I<\/a><\/p>\n<p> \u2014 Observatorio ALMA (@ALMAObs_esp) <a href=\"https:\/\/twitter.com\/ALMAObs_esp\/status\/1527287961074688000?ref_src=twsrc%5Etfw\">May 19, 2022<\/a><\/p><\/blockquote>\n<\/div><\/div>\n<\/p><\/div>\n<p><strong> &#8220;ALMA es \u00fanico, en el sentido de ser un telescopio muy grande y sensible. <\/strong>Podemos mover nuestras antenas tan cerca como una decena de metros y tan lejos como 16 km. Eso <strong>nos da la capacidad de observar un amplio rango de resoluciones, y eso significa detalle<\/strong>&#8220;, dijo Dougherty.<\/p>\n<p>Adem\u00e1s de la capacidad t\u00e9cnica de sus antenas -construidas en conjunto por el Observatorio Europeo Austral (ESO), la Fundaci\u00f3n Nacional de Ciencia de Estados Unidos (NSF) y los Institutos Nacionales de Ciencias Naturales de Jap\u00f3n (NINS)- el observatorio se ubica en un<strong> lugar \u00fanico<\/strong>.<\/p>\n<p><strong>&#8220;Estar en Chile, en el altiplano a 5.000 metros (sobre el nivel del mar), nos ubica por encima de la mayor parte del agua en la atm\u00f3sfera.<\/strong> Se suma a ello que el desierto de Atacama es uno de los lugares m\u00e1s secos del mundo. Es as\u00ed que <strong>ALMA es, de lejos, la instalaci\u00f3n milim\u00e9trica m\u00e1s destacada<\/strong>&#8220;, destac\u00f3 el director del proyecto.<\/p>\n<div contenteditable=\"false\" class=\"embed_cont type_freetext\" rel=\"freetext\" id=\"embed6580_wrap\" data-provider=\"Twitter\" readability=\"27.806896551724\">\n<p>https:\/\/twitter.com\/ALMAObs_esp\/status\/1526929051415367683<span onclick=\"parent.parent.TinyMCETdcuerpo.preview_embed('embed6580')\" class=\"embed_colapse less\" id=\"embed6580_colapse\"><\/span><span onclick=\"parent.parent.TinyMCETdcuerpo.delete_embed('embed6580')\" class=\"embed_delete less\" id=\"embed6580_delete\"><\/span><\/p>\n<div id=\"embed6580_content\" class=\"embed_content\">\n<div id=\"embed6580_embed\" readability=\"7.1017316017316\">\n<blockquote data-td-script-src=\"https:\/\/platform.twitter.com\/widgets.js\" class=\"twitter-tweet\" readability=\"8.3549783549784\">\n<p dir=\"ltr\" lang=\"es\"> Nebulosa de Ori\u00f3n desde nuestro patio<br \/>ALMA, Desierto de Atacama, Chile.<\/p>\n<p>: Damos la bienvenida a nuestra nueva embajadora fotogr\u00e1fica Mar\u00eda Jes\u00fas L\u00f3pez. <a href=\"https:\/\/t.co\/vIhuM9hygC\">pic.twitter.com\/vIhuM9hygC<\/a><\/p>\n<p> \u2014 Observatorio ALMA (@ALMAObs_esp) <a href=\"https:\/\/twitter.com\/ALMAObs_esp\/status\/1526929051415367683?ref_src=twsrc%5Etfw\">May 18, 2022<\/a><\/p><\/blockquote>\n<\/div><\/div>\n<\/p><\/div>\n<p><strong> Las antenas blancas resaltan en la altura de la Cordillera de los Andes<\/strong>, en medio de un paisaje marciano de <strong>colores naranjas y ocres que contrastan con el limpio cielo azul<\/strong>, uno de los m\u00e1s claros del mundo para observaci\u00f3n astron\u00f3mica, agreg\u00f3 AFP.<\/p>\n<p>El desierto de Atacama, el <strong>m\u00e1s \u00e1rido del mundo<\/strong> seg\u00fan expertos, ayuda a <strong>evitar las distorsiones que genera la humedad en la atm\u00f3sfera<\/strong>, seg\u00fan explic\u00f3 <strong>Francisco Gonz\u00e1lez<\/strong>, supervisor de mantenimiento de las antenas, las cuales esperan a 2023, a diez a\u00f1os de su instalaci\u00f3n, para una <strong>excepcional revisi\u00f3n individual<\/strong>.<\/p>\n<div contenteditable=\"false\" class=\"embed_cont type_freetext\" rel=\"freetext\" id=\"embed2243_wrap\" data-provider=\"Twitter\" readability=\"23.604562737643\">\n<p>https:\/\/twitter.com\/ALMAObs_esp\/status\/1526182878538866689<span onclick=\"parent.parent.TinyMCETdcuerpo.preview_embed('embed2243')\" class=\"embed_colapse less\" id=\"embed2243_colapse\"><\/span><span onclick=\"parent.parent.TinyMCETdcuerpo.delete_embed('embed2243')\" class=\"embed_delete less\" id=\"embed2243_delete\"><\/span><\/p>\n<\/p><\/div>\n<p>Para mayor capacidad de observaci\u00f3n, las 66 antenas disponen sobre los 5.000 metros de altura <strong>casi 200 ubicaciones<\/strong>, por las que se van trasladando en un <strong>inmenso transportador de 100 toneladas y 28 ruedas<\/strong> en funci\u00f3n de las necesidades de cada estudio mundial que solicita el uso del ALMA, donde <strong>trabajan de forma conjunta 22 pa\u00edses<\/strong>.<\/p>\n<p>&#8220;Uno se da cuenta que est\u00e1 dejando un<strong> legado para las generaciones futuras<\/strong> por el hecho de trabajar ac\u00e1. Yo soy uno m\u00e1s de los peque\u00f1os engranajes que mueven toda esta hermosa maquinaria de ALMA&#8221;, cont\u00f3 el operador del transportador, <strong>Patricio Saavedra<\/strong>, de 45 a\u00f1os, tras reubicar una de las grandes antenas, concluy\u00f3 AFP.<\/p>\n","protected":false},"excerpt":{"rendered":"<p>https:\/\/twitter.com\/MarcaChile\/status\/1527286670181036032 Tenemos los cielos m\u00e1s limpios del! Junto a la prensa internacional visitamos ALMA, el mayor radiotelescopio del planeta! Aqu\u00ed su director, Sean Dougherty, se refiri\u00f3 al \u00faltimo anuncio realizado: la foto del agujero negro al centro de la V\u00eda L\u00e1ctea https:\/\/t.co\/XTlrc50Tgi pic.twitter.com\/42PoxHMHYL \u2014 Imagen de Chile (@MarcaChile) May 19, 2022 &#8220;Estamos esperando incrementar el [&hellip;]<\/p>\n","protected":false},"author":2,"featured_media":2251,"comment_status":"closed","ping_status":"closed","sticky":false,"template":"","format":"standard","meta":{"jetpack_post_was_ever_published":false,"_jetpack_newsletter_access":"","_jetpack_dont_email_post_to_subs":false,"_jetpack_newsletter_tier_id":0,"_jetpack_memberships_contains_paywalled_content":false,"_jetpack_memberships_contains_paid_content":false,"footnotes":"","jetpack_publicize_message":"","jetpack_publicize_feature_enabled":true,"jetpack_social_post_already_shared":true,"jetpack_social_options":{"image_generator_settings":{"template":"highway","enabled":false},"version":2}},"categories":[20],"tags":[],"class_list":["post-2250","post","type-post","status-publish","format-standard","has-post-thumbnail","hentry","category-mundo"],"jetpack_publicize_connections":[],"jetpack_featured_media_url":"https:\/\/i0.wp.com\/infolanus.com\/wp-content\/uploads\/2022\/05\/chile-el-mayor-radiotelescopio-busca-duplicar-su-capacidad-de-observacion-para-2030.jpg?fit=1200%2C675&ssl=1","jetpack_sharing_enabled":true,"jetpack_shortlink":"https:\/\/wp.me\/p9QtMr-Ai","_links":{"self":[{"href":"https:\/\/infolanus.com\/index.php\/wp-json\/wp\/v2\/posts\/2250","targetHints":{"allow":["GET"]}}],"collection":[{"href":"https:\/\/infolanus.com\/index.php\/wp-json\/wp\/v2\/posts"}],"about":[{"href":"https:\/\/infolanus.com\/index.php\/wp-json\/wp\/v2\/types\/post"}],"author":[{"embeddable":true,"href":"https:\/\/infolanus.com\/index.php\/wp-json\/wp\/v2\/users\/2"}],"replies":[{"embeddable":true,"href":"https:\/\/infolanus.com\/index.php\/wp-json\/wp\/v2\/comments?post=2250"}],"version-history":[{"count":0,"href":"https:\/\/infolanus.com\/index.php\/wp-json\/wp\/v2\/posts\/2250\/revisions"}],"wp:featuredmedia":[{"embeddable":true,"href":"https:\/\/infolanus.com\/index.php\/wp-json\/wp\/v2\/media\/2251"}],"wp:attachment":[{"href":"https:\/\/infolanus.com\/index.php\/wp-json\/wp\/v2\/media?parent=2250"}],"wp:term":[{"taxonomy":"category","embeddable":true,"href":"https:\/\/infolanus.com\/index.php\/wp-json\/wp\/v2\/categories?post=2250"},{"taxonomy":"post_tag","embeddable":true,"href":"https:\/\/infolanus.com\/index.php\/wp-json\/wp\/v2\/tags?post=2250"}],"curies":[{"name":"wp","href":"https:\/\/api.w.org\/{rel}","templated":true}]}}