{"id":2299,"date":"2022-05-27T22:08:36","date_gmt":"2022-05-28T01:08:36","guid":{"rendered":"http:\/\/infolanus.com\/index.php\/2022\/05\/27\/matias-lammens-anuncio-la-construccion-de-un-centro-de-desarrollo-y-entrenamiento-deportivo-en-tafi-del-valle\/"},"modified":"2022-05-27T22:08:36","modified_gmt":"2022-05-28T01:08:36","slug":"matias-lammens-anuncio-la-construccion-de-un-centro-de-desarrollo-y-entrenamiento-deportivo-en-tafi-del-valle","status":"publish","type":"post","link":"https:\/\/infolanus.com\/index.php\/2022\/05\/27\/matias-lammens-anuncio-la-construccion-de-un-centro-de-desarrollo-y-entrenamiento-deportivo-en-tafi-del-valle\/","title":{"rendered":"Mat\u00edas Lammens anunci\u00f3 la construcci\u00f3n de un Centro de Desarrollo y Entrenamiento Deportivo en Taf\u00ed del Valle"},"content":{"rendered":"<div class=\"media_block\"><\/div>\n<p>La ciudad tucumana de <strong>Taf\u00ed del Valle<\/strong>, enclavada a m\u00e1s de 2.000 metros sobre el nivel del mar, albergar\u00e1 un <strong>Centro de Desarrollo y Entrenamiento Deportivo<\/strong> en altura, cuya obra comenzar\u00e1 a finales de a\u00f1o, seg\u00fan se acord\u00f3 en una reuni\u00f3n entre el <strong>Ministerio de Turismo y Deportes y el Gobierno provincial<\/strong>.<\/p>\n<p>El complejo proyectado en los <strong>Valles Calchaqu\u00edes<\/strong> ser\u00e1 uno de los seis levantados en altitud a nivel mundial y demandar\u00e1 una inversi\u00f3n de <strong>4.442.000 d\u00f3lares<\/strong>, parte del <strong>Programa Federal de Infraestructura Deportiva<\/strong> con financiamiento del <strong>Fonplata-Banco de Desarrollo<\/strong>.<\/p>\n<p><img data-recalc-dims=\"1\" decoding=\"async\" alt=\"Tafi\" src=\"https:\/\/i0.wp.com\/fotos.perfil.com\/\/2022\/05\/27\/900\/0\/tafi-1363382.jpg?w=640&#038;ssl=1\" loading=\"lazy\"><\/p>\n<p>Durante el mes pr\u00f3ximo, se presentar\u00e1 el plan ejecutivo para iniciar la licitaci\u00f3n de la obra que contempla u<strong>n natatorio, una pista de atletismo,&nbsp;<\/strong>compuesta de seis andariveles y homologaci\u00f3n para actividades deportivas como <strong>salto en garrocha, salto en alto, salto doble y triple, lanzamiento de jabalina, martillo, disco y bala,&nbsp;<\/strong>m\u00e1s una<strong> pista de remo y canotaje <\/strong>con sus respectivos talleres de reparaciones<strong>&nbsp;<\/strong>.<\/p>\n<blockquote class=\"twitter-tweet\" readability=\"7.6779661016949\">\n<p lang=\"es\" dir=\"ltr\">Dimos un nuevo paso en la construcci\u00f3n del Centro de Desarrollo y Entrenamiento en Altura de <a href=\"https:\/\/twitter.com\/hashtag\/Taf%C3%ADDelValle?src=hash&amp;ref_src=twsrc%5Etfw\">#Taf\u00edDelValle<\/a>. <\/p>\n<p>Ser\u00e1 uno de los seis establecimientos de alto rendimiento en el mundo construidos en altitud para permitir un mejor desarrollo de los y las deportistas. \ud83d\udc4f\ud83c\udffc\u2764\ufe0f <a href=\"https:\/\/t.co\/TI2aLeWVxt\">pic.twitter.com\/TI2aLeWVxt<\/a><\/p>\n<p>\u2014 Mat\u00edas Lammens (@MatiasLammens) <a href=\"https:\/\/twitter.com\/MatiasLammens\/status\/1529983449167110144?ref_src=twsrc%5Etfw\">May 27, 2022<\/a><\/p><\/blockquote>\n<p><strong>&#8220;Es una noticia de alt\u00edsimo impacto para el deporte local, nacional y continental, porque ser\u00e1 el centro de entrenamiento en altura m\u00e1s importante de la regi\u00f3n. Esto potenciar\u00e1 a Taf\u00ed del Valle como polo tur\u00edstico, ya que llegar\u00e1n deportistas de todo el continente para entrenarse&#8221;, <\/strong>destac\u00f3 el ministro de Turismo y Deportes<strong>, <a target=\"_blank\" href=\"https:\/\/442.perfil.com\/noticias\/polideportivo\/lammens-anuncio-aumento-de-becas-para-los-atletas-argentinos.phtml\">Mat\u00edas Lammens<\/a>.<\/strong><\/p>\n<blockquote class=\"twitter-tweet\" readability=\"7.9543010752688\">\n<p lang=\"es\" dir=\"ltr\">Para seguir avanzando en el proyecto del Centro de Desarrollo y Entrenamiento en Altura de <a href=\"https:\/\/twitter.com\/hashtag\/Taf%C3%ADDelValle?src=hash&amp;ref_src=twsrc%5Etfw\">#Taf\u00edDelValle<\/a>, el ministro Mat\u00edas Lammens se reuni\u00f3 con la titular de <a href=\"https:\/\/twitter.com\/mingobjustuc?ref_src=twsrc%5Etfw\">@mingobjustuc<\/a>, Carolina Vargas Aignasse. \ud83d\udc77\u200d\u2642\ufe0f\ud83d\udc77\u200d\u2640\ufe0f <\/p>\n<p>\ud83d\udc49 <a href=\"https:\/\/t.co\/fuNcGnQRxF\">https:\/\/t.co\/fuNcGnQRxF<\/a><a href=\"https:\/\/twitter.com\/hashtag\/PrimeroLaGente?src=hash&amp;ref_src=twsrc%5Etfw\">#PrimeroLaGente<\/a> \ud83c\udde6\ud83c\uddf7 <a href=\"https:\/\/t.co\/cfBBC8MLmX\">pic.twitter.com\/cfBBC8MLmX<\/a><\/p>\n<p>\u2014 Ministerio de Turismo y Deportes (@TurDepAR) <a href=\"https:\/\/twitter.com\/TurDepAR\/status\/1529992699704709121?ref_src=twsrc%5Etfw\">May 27, 2022<\/a><\/p><\/blockquote>\n<p>El funcionario del Gabinete Nacional hizo el anuncio despu\u00e9s de reunirse con la ministra de Gobierno y Justicia de Tucum\u00e1n, Carolina Vargas Aignasse y el presidente del Ente Tucum\u00e1n Turismo, Sebasti\u00e1n Giobellina.<\/p>\n<p>Fuente: T\u00e9lam<\/p>\n","protected":false},"excerpt":{"rendered":"<p>La ciudad tucumana de Taf\u00ed del Valle, enclavada a m\u00e1s de 2.000 metros sobre el nivel del mar, albergar\u00e1 un Centro de Desarrollo y Entrenamiento Deportivo en altura, cuya obra comenzar\u00e1 a finales de a\u00f1o, seg\u00fan se acord\u00f3 en una reuni\u00f3n entre el Ministerio de Turismo y Deportes y el Gobierno provincial. El complejo proyectado [&hellip;]<\/p>\n","protected":false},"author":2,"featured_media":2300,"comment_status":"closed","ping_status":"closed","sticky":false,"template":"","format":"standard","meta":{"jetpack_post_was_ever_published":false,"_jetpack_newsletter_access":"","_jetpack_dont_email_post_to_subs":false,"_jetpack_newsletter_tier_id":0,"_jetpack_memberships_contains_paywalled_content":false,"_jetpack_memberships_contains_paid_content":false,"footnotes":"","jetpack_publicize_message":"","jetpack_publicize_feature_enabled":true,"jetpack_social_post_already_shared":true,"jetpack_social_options":{"image_generator_settings":{"template":"highway","enabled":false},"version":2}},"categories":[17],"tags":[],"class_list":["post-2299","post","type-post","status-publish","format-standard","has-post-thumbnail","hentry","category-deportes"],"jetpack_publicize_connections":[],"jetpack_featured_media_url":"https:\/\/i0.wp.com\/infolanus.com\/wp-content\/uploads\/2022\/05\/matias-lammens-anuncio-la-construccion-de-un-centro-de-desarrollo-y-entrenamiento-deportivo-en-tafi-del-valle.jpg?fit=818%2C460&ssl=1","jetpack_sharing_enabled":true,"jetpack_shortlink":"https:\/\/wp.me\/p9QtMr-B5","_links":{"self":[{"href":"https:\/\/infolanus.com\/index.php\/wp-json\/wp\/v2\/posts\/2299","targetHints":{"allow":["GET"]}}],"collection":[{"href":"https:\/\/infolanus.com\/index.php\/wp-json\/wp\/v2\/posts"}],"about":[{"href":"https:\/\/infolanus.com\/index.php\/wp-json\/wp\/v2\/types\/post"}],"author":[{"embeddable":true,"href":"https:\/\/infolanus.com\/index.php\/wp-json\/wp\/v2\/users\/2"}],"replies":[{"embeddable":true,"href":"https:\/\/infolanus.com\/index.php\/wp-json\/wp\/v2\/comments?post=2299"}],"version-history":[{"count":0,"href":"https:\/\/infolanus.com\/index.php\/wp-json\/wp\/v2\/posts\/2299\/revisions"}],"wp:featuredmedia":[{"embeddable":true,"href":"https:\/\/infolanus.com\/index.php\/wp-json\/wp\/v2\/media\/2300"}],"wp:attachment":[{"href":"https:\/\/infolanus.com\/index.php\/wp-json\/wp\/v2\/media?parent=2299"}],"wp:term":[{"taxonomy":"category","embeddable":true,"href":"https:\/\/infolanus.com\/index.php\/wp-json\/wp\/v2\/categories?post=2299"},{"taxonomy":"post_tag","embeddable":true,"href":"https:\/\/infolanus.com\/index.php\/wp-json\/wp\/v2\/tags?post=2299"}],"curies":[{"name":"wp","href":"https:\/\/api.w.org\/{rel}","templated":true}]}}