{"id":2432,"date":"2022-06-16T13:55:50","date_gmt":"2022-06-16T16:55:50","guid":{"rendered":"https:\/\/www.inforegion.com.ar\/?p=218396"},"modified":"2022-06-16T13:55:50","modified_gmt":"2022-06-16T16:55:50","slug":"lanus-en-total-son-240-los-moviles-en-el-area-de-seguridad-ciudadana","status":"publish","type":"post","link":"https:\/\/infolanus.com\/index.php\/2022\/06\/16\/lanus-en-total-son-240-los-moviles-en-el-area-de-seguridad-ciudadana\/","title":{"rendered":"Lan\u00fas: En total son 240 los m\u00f3viles en el \u00e1rea de seguridad ciudadana"},"content":{"rendered":"<p><strong>El intendente de Lan\u00fas, N\u00e9stor Grindetti, hizo entrega de la primera tanda de motos que utilizar\u00e1 el equipo municipal de Seguridad Ciudadana<\/strong>. Con esta entrega se suma un total de 240 m\u00f3viles,<strong> entre autos y motos<\/strong>, utilizados para la prevenci\u00f3n de todos los barrios del distrito. <\/p>\n<p>En el marco del acto realizado en el palacio municipal, acompa\u00f1ado del jefe de Gabinete,<strong> Diego Kravetz<\/strong>, el vicepresidente de la C\u00e1mara de Diputados bonaerense, Adri\u00e1n Urreli y el ministro de Seguridad porte\u00f1o, <strong>Marcelo D\u2019 Alessandro<\/strong>, el intendente hizo la presentaci\u00f3n y entrega de llaves de los motoveh\u00edculos a los conductores que fueron capacitados en la escuela de formaci\u00f3n local. Se encargar\u00e1n de cumplir la tarea de<a href=\"https:\/\/www.inforegion.com.ar\/2019\/03\/20\/grindetti-presento-el-plan-de-seguridad-2019-e-insto-a-no-volver-atras\/\"> <strong>incrementar el sistema de patrullaj<\/strong>e<\/a> que se viene desarrollando hace tiempo en Lan\u00fas.<\/p>\n<p>\u201cHoy la preocupaci\u00f3n que tiene el vecino del conurbano junto con la inflaci\u00f3n, es la inseguridad, por eso nosotros estamos trabajando mucho con Diego Kravetz llevando adelante operativos de control, compra de equipamiento y coordinando cuando podemos con vecinos como es el caso de la Ciudad con quienes articulamos tareas de prevenci\u00f3n en las zonas lim\u00edtrofes y eso nos permite trabajar para el vecino en un tema que realmente preocupa\u201d, expres\u00f3 Grindetti ante medios locales.<\/p>\n<p>Por otro lado, ante el trabajo realizado, Kravetz reclam\u00f3 que \u201cnosotros estamos dando la pelea todos los d\u00edas pero a veces nos falta el acompa\u00f1amiento de la Justicia. Hemos tenido ya varios fallos que nos anulan los procedimientos de prevenci\u00f3n, la cual tiene una sola forma de ser efectiva: abordar la situaci\u00f3n previamente, parar a la gente que nos resulta sospechosa, identificarla, en muchos casos cacharla y luego detenerla\u201d. Adem\u00e1s agreg\u00f3: <strong>\u201cSin eso no hay prevenci\u00f3n, y en muchos casos hay jueces ac\u00e1 que no lo entienden, con lo cual viene directamente el delito<\/strong>\u201c.<\/p>\n<p>El jefe de Gabinete cerr\u00f3 remarcando que \u201cnosotros vamos a seguir haciendo lo nuestro y esperemos que, alg\u00fan d\u00eda, la Justicia entienda que sin prevenci\u00f3n no se puede tener una ciudad m\u00e1s tranquila.\u201d<\/p>\n<figure class=\"wp-block-gallery columns-1 is-cropped\">\n<ul class=\"blocks-gallery-grid\">\n<li class=\"blocks-gallery-item\">\n<figure><img data-recalc-dims=\"1\" decoding=\"async\" loading=\"lazy\" width=\"640\" height=\"466\" src=\"https:\/\/i0.wp.com\/www.inforegion.com.ar\/wp-content\/uploads\/2022\/06\/WhatsApp-Image-2022-06-16-at-1.18.15-PM-1-1024x746.jpeg?resize=640%2C466&#038;ssl=1\" alt data-id=\"218403\" data-full-url=\"https:\/\/www.inforegion.com.ar\/wp-content\/uploads\/2022\/06\/WhatsApp-Image-2022-06-16-at-1.18.15-PM-1.jpeg\" data-link=\"https:\/\/www.inforegion.com.ar\/?attachment_id=218403\" class=\"wp-image-218403\" srcset=\"https:\/\/www.inforegion.com.ar\/wp-content\/uploads\/2022\/06\/WhatsApp-Image-2022-06-16-at-1.18.15-PM-1-1024x746.jpeg 1024w, https:\/\/www.inforegion.com.ar\/wp-content\/uploads\/2022\/06\/WhatsApp-Image-2022-06-16-at-1.18.15-PM-1-300x218.jpeg 300w, https:\/\/www.inforegion.com.ar\/wp-content\/uploads\/2022\/06\/WhatsApp-Image-2022-06-16-at-1.18.15-PM-1-768x559.jpeg 768w, https:\/\/www.inforegion.com.ar\/wp-content\/uploads\/2022\/06\/WhatsApp-Image-2022-06-16-at-1.18.15-PM-1-335x244.jpeg 335w, https:\/\/www.inforegion.com.ar\/wp-content\/uploads\/2022\/06\/WhatsApp-Image-2022-06-16-at-1.18.15-PM-1.jpeg 1280w\" sizes=\"auto, (max-width: 1024px) 100vw, 1024px\"><\/figure>\n<\/li>\n<\/ul>\n<\/figure>\n<p>Cabe destacar que es la primera vez que el cuerpo de seguridad municipal<strong> incorpora motos <\/strong>a sus filas y las mismas estar\u00e1n destinadas a la vigilancia, principalmente de los comercios a cielo abierto que se encuentran en el distrito. Los efectivos estar\u00e1n afectados a la tarea de<strong> disuasi\u00f3n y alerta<\/strong> en caso de hechos delictivos, comunicados y conectados con el Centro de Monitoreo lanusense.<\/p>\n<figure class=\"wp-block-gallery columns-0 is-cropped\"><\/figure>\n","protected":false},"excerpt":{"rendered":"<p>El intendente de Lan\u00fas, N\u00e9stor Grindetti, hizo entrega de la primera tanda de motos que utilizar\u00e1 el equipo municipal de Seguridad Ciudadana. Con esta entrega se suma un total de 240 m\u00f3viles, entre autos y motos, utilizados para la prevenci\u00f3n de todos los barrios del distrito. En el marco del acto realizado en el palacio [&hellip;]<\/p>\n","protected":false},"author":2,"featured_media":2433,"comment_status":"closed","ping_status":"closed","sticky":false,"template":"","format":"standard","meta":{"jetpack_post_was_ever_published":false,"_jetpack_newsletter_access":"","_jetpack_dont_email_post_to_subs":false,"_jetpack_newsletter_tier_id":0,"_jetpack_memberships_contains_paywalled_content":false,"_jetpack_memberships_contains_paid_content":false,"footnotes":"","jetpack_publicize_message":"","jetpack_publicize_feature_enabled":true,"jetpack_social_post_already_shared":true,"jetpack_social_options":{"image_generator_settings":{"template":"highway","enabled":false},"version":2}},"categories":[19],"tags":[773,774,213,23,905,99,906,788],"class_list":["post-2432","post","type-post","status-publish","format-standard","has-post-thumbnail","hentry","category-municipio","tag-centrales","tag-destacadas","tag-diego-kravetz","tag-lanus","tag-marcelo-dalessandro","tag-nestor-grindetti","tag-patrulla-municipal-de-prevencion","tag-sociedad"],"jetpack_publicize_connections":[],"jetpack_featured_media_url":"https:\/\/i0.wp.com\/infolanus.com\/wp-content\/uploads\/2022\/06\/lanus-en-total-son-240-los-moviles-en-el-area-de-seguridad-ciudadana.jpg?fit=1024%2C746&ssl=1","jetpack_sharing_enabled":true,"jetpack_shortlink":"https:\/\/wp.me\/p9QtMr-De","_links":{"self":[{"href":"https:\/\/infolanus.com\/index.php\/wp-json\/wp\/v2\/posts\/2432","targetHints":{"allow":["GET"]}}],"collection":[{"href":"https:\/\/infolanus.com\/index.php\/wp-json\/wp\/v2\/posts"}],"about":[{"href":"https:\/\/infolanus.com\/index.php\/wp-json\/wp\/v2\/types\/post"}],"author":[{"embeddable":true,"href":"https:\/\/infolanus.com\/index.php\/wp-json\/wp\/v2\/users\/2"}],"replies":[{"embeddable":true,"href":"https:\/\/infolanus.com\/index.php\/wp-json\/wp\/v2\/comments?post=2432"}],"version-history":[{"count":0,"href":"https:\/\/infolanus.com\/index.php\/wp-json\/wp\/v2\/posts\/2432\/revisions"}],"wp:featuredmedia":[{"embeddable":true,"href":"https:\/\/infolanus.com\/index.php\/wp-json\/wp\/v2\/media\/2433"}],"wp:attachment":[{"href":"https:\/\/infolanus.com\/index.php\/wp-json\/wp\/v2\/media?parent=2432"}],"wp:term":[{"taxonomy":"category","embeddable":true,"href":"https:\/\/infolanus.com\/index.php\/wp-json\/wp\/v2\/categories?post=2432"},{"taxonomy":"post_tag","embeddable":true,"href":"https:\/\/infolanus.com\/index.php\/wp-json\/wp\/v2\/tags?post=2432"}],"curies":[{"name":"wp","href":"https:\/\/api.w.org\/{rel}","templated":true}]}}