{"id":2444,"date":"2022-06-17T12:30:45","date_gmt":"2022-06-17T15:30:45","guid":{"rendered":"https:\/\/www.inforegion.com.ar\/?p=218456"},"modified":"2022-06-17T12:30:45","modified_gmt":"2022-06-17T15:30:45","slug":"feroz-incendio-en-lanus","status":"publish","type":"post","link":"https:\/\/infolanus.com\/index.php\/2022\/06\/17\/feroz-incendio-en-lanus\/","title":{"rendered":"Feroz incendio en Lan\u00fas"},"content":{"rendered":"<p>Un feroz incendio devor\u00f3 esta medianoche una vivienda y un taller mecanico dedicado a la reparaci\u00f3n de motos en la localidad lanusense de Remedios de Escalada.<\/p>\n<div class=\"wp-block-columns\">\n<div class=\"wp-block-column\">\n<figure class=\"wp-block-image size-large is-style-default\"><img data-recalc-dims=\"1\" decoding=\"async\" loading=\"lazy\" width=\"640\" height=\"853\" src=\"https:\/\/i0.wp.com\/www.inforegion.com.ar\/wp-content\/uploads\/2022\/06\/Incendio-escalada-768x1024.jpeg?resize=640%2C853&#038;ssl=1\" alt class=\"wp-image-218460\" srcset=\"https:\/\/www.inforegion.com.ar\/wp-content\/uploads\/2022\/06\/Incendio-escalada-768x1024.jpeg 768w, https:\/\/www.inforegion.com.ar\/wp-content\/uploads\/2022\/06\/Incendio-escalada-225x300.jpeg 225w, https:\/\/www.inforegion.com.ar\/wp-content\/uploads\/2022\/06\/Incendio-escalada-1152x1536.jpeg 1152w, https:\/\/www.inforegion.com.ar\/wp-content\/uploads\/2022\/06\/Incendio-escalada-251x335.jpeg 251w, https:\/\/www.inforegion.com.ar\/wp-content\/uploads\/2022\/06\/Incendio-escalada.jpeg 1200w\" sizes=\"auto, (max-width: 768px) 100vw, 768px\"><\/figure>\n<\/div>\n<div class=\"wp-block-column\">\n<figure class=\"wp-block-image size-large is-style-default\"><img data-recalc-dims=\"1\" decoding=\"async\" loading=\"lazy\" width=\"640\" height=\"853\" src=\"https:\/\/i0.wp.com\/www.inforegion.com.ar\/wp-content\/uploads\/2022\/06\/Incendio-escalada-mirnado-768x1024.jpeg?resize=640%2C853&#038;ssl=1\" alt class=\"wp-image-218461\" srcset=\"https:\/\/www.inforegion.com.ar\/wp-content\/uploads\/2022\/06\/Incendio-escalada-mirnado-768x1024.jpeg 768w, https:\/\/www.inforegion.com.ar\/wp-content\/uploads\/2022\/06\/Incendio-escalada-mirnado-225x300.jpeg 225w, https:\/\/www.inforegion.com.ar\/wp-content\/uploads\/2022\/06\/Incendio-escalada-mirnado-1152x1536.jpeg 1152w, https:\/\/www.inforegion.com.ar\/wp-content\/uploads\/2022\/06\/Incendio-escalada-mirnado-251x335.jpeg 251w, https:\/\/www.inforegion.com.ar\/wp-content\/uploads\/2022\/06\/Incendio-escalada-mirnado.jpeg 1200w\" sizes=\"auto, (max-width: 768px) 100vw, 768px\"><\/figure>\n<\/div>\n<\/div>\n<p>Seg\u00fan se especula, las llamas que arrasaron la construcci\u00f3n de Quarracino al 2700 y Alvear en la localidad ferroviaria pudo haber sido originado por una falla de origen el\u00e9ctrico que desat\u00f3 el fuego consumi\u00f3 los tirantes de madera que sosten\u00eda el techo de chapa que se desmoron\u00f3.<\/p>\n<div class=\"wp-block-columns\">\n<div class=\"wp-block-column\">\n<figure class=\"wp-block-image size-large is-style-default\"><img data-recalc-dims=\"1\" decoding=\"async\" loading=\"lazy\" width=\"576\" height=\"1024\" src=\"https:\/\/i0.wp.com\/www.inforegion.com.ar\/wp-content\/uploads\/2022\/06\/WhatsApp-Image-2022-06-17-at-11.32.50-AM-576x1024.jpeg?resize=576%2C1024&#038;ssl=1\" alt class=\"wp-image-218462\" srcset=\"https:\/\/www.inforegion.com.ar\/wp-content\/uploads\/2022\/06\/WhatsApp-Image-2022-06-17-at-11.32.50-AM-576x1024.jpeg 576w, https:\/\/www.inforegion.com.ar\/wp-content\/uploads\/2022\/06\/WhatsApp-Image-2022-06-17-at-11.32.50-AM-169x300.jpeg 169w, https:\/\/www.inforegion.com.ar\/wp-content\/uploads\/2022\/06\/WhatsApp-Image-2022-06-17-at-11.32.50-AM-188x335.jpeg 188w, https:\/\/www.inforegion.com.ar\/wp-content\/uploads\/2022\/06\/WhatsApp-Image-2022-06-17-at-11.32.50-AM.jpeg 720w\" sizes=\"auto, (max-width: 576px) 100vw, 576px\"><\/figure>\n<\/div>\n<div class=\"wp-block-column\">\n<figure class=\"wp-block-image size-large is-style-default\"><img data-recalc-dims=\"1\" decoding=\"async\" loading=\"lazy\" width=\"576\" height=\"1024\" src=\"https:\/\/i0.wp.com\/www.inforegion.com.ar\/wp-content\/uploads\/2022\/06\/WhatsApp-Image-2022-06-17-at-11.32.50-AM-1-576x1024.jpeg?resize=576%2C1024&#038;ssl=1\" alt class=\"wp-image-218463\" srcset=\"https:\/\/www.inforegion.com.ar\/wp-content\/uploads\/2022\/06\/WhatsApp-Image-2022-06-17-at-11.32.50-AM-1-576x1024.jpeg 576w, https:\/\/www.inforegion.com.ar\/wp-content\/uploads\/2022\/06\/WhatsApp-Image-2022-06-17-at-11.32.50-AM-1-169x300.jpeg 169w, https:\/\/www.inforegion.com.ar\/wp-content\/uploads\/2022\/06\/WhatsApp-Image-2022-06-17-at-11.32.50-AM-1-188x335.jpeg 188w, https:\/\/www.inforegion.com.ar\/wp-content\/uploads\/2022\/06\/WhatsApp-Image-2022-06-17-at-11.32.50-AM-1.jpeg 720w\" sizes=\"auto, (max-width: 576px) 100vw, 576px\"><\/figure>\n<\/div>\n<\/div>\n<p>El siniestro que oblig\u00f3 a la intervenci\u00f3n de tres dotaciones de bomberos de Lan\u00fas, junto a equipos de Seguridad Ciudadana, Defensa Civil y la polic\u00eda bonaerense, no tuvo heridos.<\/p>\n","protected":false},"excerpt":{"rendered":"<p>Un feroz incendio devor\u00f3 esta medianoche una vivienda y un taller mecanico dedicado a la reparaci\u00f3n de motos en la localidad lanusense de Remedios de Escalada. Seg\u00fan se especula, las llamas que arrasaron la construcci\u00f3n de Quarracino al 2700 y Alvear en la localidad ferroviaria pudo haber sido originado por una falla de origen el\u00e9ctrico [&hellip;]<\/p>\n","protected":false},"author":2,"featured_media":2445,"comment_status":"closed","ping_status":"closed","sticky":false,"template":"","format":"standard","meta":{"jetpack_post_was_ever_published":false,"_jetpack_newsletter_access":"","_jetpack_dont_email_post_to_subs":false,"_jetpack_newsletter_tier_id":0,"_jetpack_memberships_contains_paywalled_content":false,"_jetpack_memberships_contains_paid_content":false,"footnotes":"","jetpack_publicize_message":"","jetpack_publicize_feature_enabled":true,"jetpack_social_post_already_shared":true,"jetpack_social_options":{"image_generator_settings":{"template":"highway","enabled":false},"version":2}},"categories":[19],"tags":[819,773,774,88,23],"class_list":["post-2444","post","type-post","status-publish","format-standard","has-post-thumbnail","hentry","category-municipio","tag-bomberos-voluntarios-de-lanus","tag-centrales","tag-destacadas","tag-incendio","tag-lanus"],"jetpack_publicize_connections":[],"jetpack_featured_media_url":"https:\/\/i0.wp.com\/infolanus.com\/wp-content\/uploads\/2022\/06\/feroz-incendio-en-lanus.jpg?fit=768%2C1024&ssl=1","jetpack_sharing_enabled":true,"jetpack_shortlink":"https:\/\/wp.me\/p9QtMr-Dq","_links":{"self":[{"href":"https:\/\/infolanus.com\/index.php\/wp-json\/wp\/v2\/posts\/2444","targetHints":{"allow":["GET"]}}],"collection":[{"href":"https:\/\/infolanus.com\/index.php\/wp-json\/wp\/v2\/posts"}],"about":[{"href":"https:\/\/infolanus.com\/index.php\/wp-json\/wp\/v2\/types\/post"}],"author":[{"embeddable":true,"href":"https:\/\/infolanus.com\/index.php\/wp-json\/wp\/v2\/users\/2"}],"replies":[{"embeddable":true,"href":"https:\/\/infolanus.com\/index.php\/wp-json\/wp\/v2\/comments?post=2444"}],"version-history":[{"count":0,"href":"https:\/\/infolanus.com\/index.php\/wp-json\/wp\/v2\/posts\/2444\/revisions"}],"wp:featuredmedia":[{"embeddable":true,"href":"https:\/\/infolanus.com\/index.php\/wp-json\/wp\/v2\/media\/2445"}],"wp:attachment":[{"href":"https:\/\/infolanus.com\/index.php\/wp-json\/wp\/v2\/media?parent=2444"}],"wp:term":[{"taxonomy":"category","embeddable":true,"href":"https:\/\/infolanus.com\/index.php\/wp-json\/wp\/v2\/categories?post=2444"},{"taxonomy":"post_tag","embeddable":true,"href":"https:\/\/infolanus.com\/index.php\/wp-json\/wp\/v2\/tags?post=2444"}],"curies":[{"name":"wp","href":"https:\/\/api.w.org\/{rel}","templated":true}]}}