{"id":2466,"date":"2022-06-21T16:45:00","date_gmt":"2022-06-21T19:45:00","guid":{"rendered":"https:\/\/www.ambito.com\/mundo\/gustavo-petro\/tras-su-triunfo-dialogo-joe-biden-sostener-relacion-intensa-n5468129"},"modified":"2022-06-21T16:45:00","modified_gmt":"2022-06-21T19:45:00","slug":"tras-su-triunfo-gustavo-petro-dialogo-con-joe-biden-para-sostener-relacion-intensa","status":"publish","type":"post","link":"https:\/\/infolanus.com\/index.php\/2022\/06\/21\/tras-su-triunfo-gustavo-petro-dialogo-con-joe-biden-para-sostener-relacion-intensa\/","title":{"rendered":"Tras su triunfo, Gustavo Petro dialog\u00f3 con Joe Biden para sostener relaci\u00f3n &#8220;intensa&#8221;"},"content":{"rendered":"<div><img data-recalc-dims=\"1\" decoding=\"async\" src=\"https:\/\/i0.wp.com\/media.ambito.com\/p\/d5b0147fd8835917ef6412ef73a5d9f2\/adjuntos\/239\/imagenes\/039\/945\/0039945412\/biden-petro.jpg?w=640&#038;ssl=1\" class=\"ff-og-image-inserted\"><\/div>\n<p>La conversaci\u00f3n, de la que no se conocieron m\u00e1s detalles, sigui\u00f3 a otra que en la misma noche del triunfo del domingo tuvo con el secretario de Estado de EEUU, Antony Blinken.<\/p>\n<p>En ese encuentro, de acuerdo a Petro, recibi\u00f3 las felicitaciones del funcionario y dialogaron sobre la relaci\u00f3n bilateral.<\/p>\n<p><span class=\"saysCMSEmphasis\" id=\"saysCMSEmphasis0unoamzzovn\">&#8220;Me expres\u00f3 sus congratulaciones por nuestra elecci\u00f3n y dialogamos sobre el proceso de paz y las acciones contra el cambio clim\u00e1tico en nuestro continente&#8221;, <\/span>cont\u00f3 el izquierdista.<\/p>\n<p>En tanto que la vocera de la Casa Blanca, Karine Jean-Pierre, asegur\u00f3 este martes que Biden pretende colaborar con el mandatario electo de Colombia para mejorar la econom\u00eda y luchar contra el cambio clim\u00e1tico, as\u00ed como en mejorar la seguridad.<\/p>\n<p>\u201cEstados Unidos felicita al pueblo de Colombia por unas elecciones libres y justas. El presidente est\u00e1 deseando trabajar con el presidente electo para avanzar la relaci\u00f3n de EEUU y Colombia, y abordar juntos temas clave como cambio clim\u00e1tico, construir una econom\u00eda m\u00e1s justa y resiliente, seguridad y otros\u201d, sostuvo Jean-Pierre.<\/p>\n<p>Petro se convirti\u00f3 hace dos d\u00edas en el primer presidente de izquierda de Colombia al imponerse en la segunda vuelta electoral con el 50,47% de los votos sobre el magnate Rodolfo Hern\u00e1ndez.<\/p>\n<p>De esta forma, ser\u00e1 el sucesor de <a href=\"https:\/\/www.ambito.com\/ivan-duque-a5124783\" class=\"agrupador\" rel=\"5124783\">Iv\u00e1n Duque<\/a>, quien garantiz\u00f3 una transici\u00f3n &#8220;transparente, eficaz, arm\u00f3nica y pac\u00edfica&#8221;.<\/p>\n<p>&#8220;Lo primero que hay que reconocer para defender la democracia es cuando hay un pronunciamiento popular. Claramente ayer los colombianos eligieron un nuevo presidente&#8221;, agreg\u00f3, en una charla virtual con el escritor Mario Vargas Llosa<\/p>\n<div contenteditable=\"false\" class=\"embed_cont type_freetext\" rel=\"freetext\" id=\"embed8138_wrap\" data-provider=\"Twitter\" readability=\"30.772861356932\">\n<p>https:\/\/twitter.com\/petrogustavo\/status\/1539307912475996160<span onclick=\"parent.parent.TinyMCETdcuerpo.preview_embed('embed8138')\" class=\"embed_colapse less\" id=\"embed8138_colapse\"><\/span><span onclick=\"parent.parent.TinyMCETdcuerpo.delete_embed('embed8138')\" class=\"embed_delete less\" id=\"embed8138_delete\"><\/span><\/p>\n<div id=\"embed8138_content\" class=\"embed_content\">\n<div id=\"embed8138_embed\" readability=\"7.1505376344086\">\n<blockquote data-td-script-src=\"https:\/\/platform.twitter.com\/widgets.js\" class=\"twitter-tweet\" readability=\"7.6272401433692\">\n<p dir=\"ltr\" lang=\"es\"> En el camino de una m\u00e1s intensa y normal relaci\u00f3n diplom\u00e1tica he sostenido ahora una conversaci\u00f3n muy amistosa con el presidente Biden de los EEUU.<\/p>\n<p>En sus palabras una relaci\u00f3n &#8220;m\u00e1s igualitaria&#8221; en provecho de los dos pueblos.<\/p>\n<p> \u2014 Gustavo Petro (@petrogustavo) <a href=\"https:\/\/twitter.com\/petrogustavo\/status\/1539307912475996160?ref_src=twsrc%5Etfw\">June 21, 2022<\/a><\/p><\/blockquote>\n<\/div><\/div>\n<\/p><\/div>\n","protected":false},"excerpt":{"rendered":"<p>La conversaci\u00f3n, de la que no se conocieron m\u00e1s detalles, sigui\u00f3 a otra que en la misma noche del triunfo del domingo tuvo con el secretario de Estado de EEUU, Antony Blinken. En ese encuentro, de acuerdo a Petro, recibi\u00f3 las felicitaciones del funcionario y dialogaron sobre la relaci\u00f3n bilateral. &#8220;Me expres\u00f3 sus congratulaciones por [&hellip;]<\/p>\n","protected":false},"author":2,"featured_media":2467,"comment_status":"closed","ping_status":"closed","sticky":false,"template":"","format":"standard","meta":{"jetpack_post_was_ever_published":false,"_jetpack_newsletter_access":"","_jetpack_dont_email_post_to_subs":false,"_jetpack_newsletter_tier_id":0,"_jetpack_memberships_contains_paywalled_content":false,"_jetpack_memberships_contains_paid_content":false,"footnotes":"","jetpack_publicize_message":"","jetpack_publicize_feature_enabled":true,"jetpack_social_post_already_shared":true,"jetpack_social_options":{"image_generator_settings":{"template":"highway","enabled":false},"version":2}},"categories":[20],"tags":[],"class_list":["post-2466","post","type-post","status-publish","format-standard","has-post-thumbnail","hentry","category-mundo"],"jetpack_publicize_connections":[],"jetpack_featured_media_url":"https:\/\/i0.wp.com\/infolanus.com\/wp-content\/uploads\/2022\/06\/tras-su-triunfo-gustavo-petro-dialogo-con-joe-biden-para-sostener-relacion-intensa.jpg?fit=1200%2C675&ssl=1","jetpack_sharing_enabled":true,"jetpack_shortlink":"https:\/\/wp.me\/p9QtMr-DM","_links":{"self":[{"href":"https:\/\/infolanus.com\/index.php\/wp-json\/wp\/v2\/posts\/2466","targetHints":{"allow":["GET"]}}],"collection":[{"href":"https:\/\/infolanus.com\/index.php\/wp-json\/wp\/v2\/posts"}],"about":[{"href":"https:\/\/infolanus.com\/index.php\/wp-json\/wp\/v2\/types\/post"}],"author":[{"embeddable":true,"href":"https:\/\/infolanus.com\/index.php\/wp-json\/wp\/v2\/users\/2"}],"replies":[{"embeddable":true,"href":"https:\/\/infolanus.com\/index.php\/wp-json\/wp\/v2\/comments?post=2466"}],"version-history":[{"count":0,"href":"https:\/\/infolanus.com\/index.php\/wp-json\/wp\/v2\/posts\/2466\/revisions"}],"wp:featuredmedia":[{"embeddable":true,"href":"https:\/\/infolanus.com\/index.php\/wp-json\/wp\/v2\/media\/2467"}],"wp:attachment":[{"href":"https:\/\/infolanus.com\/index.php\/wp-json\/wp\/v2\/media?parent=2466"}],"wp:term":[{"taxonomy":"category","embeddable":true,"href":"https:\/\/infolanus.com\/index.php\/wp-json\/wp\/v2\/categories?post=2466"},{"taxonomy":"post_tag","embeddable":true,"href":"https:\/\/infolanus.com\/index.php\/wp-json\/wp\/v2\/tags?post=2466"}],"curies":[{"name":"wp","href":"https:\/\/api.w.org\/{rel}","templated":true}]}}