{"id":2482,"date":"2022-05-31T15:06:03","date_gmt":"2022-05-31T18:06:03","guid":{"rendered":"https:\/\/www.inforegion.com.ar\/?p=216351"},"modified":"2022-05-31T15:06:03","modified_gmt":"2022-05-31T18:06:03","slug":"lanus-operativo-solidario-para-personas-en-situacion-de-calle","status":"publish","type":"post","link":"https:\/\/infolanus.com\/index.php\/2022\/05\/31\/lanus-operativo-solidario-para-personas-en-situacion-de-calle\/","title":{"rendered":"Lan\u00fas: Operativo solidario para personas en situaci\u00f3n de calle"},"content":{"rendered":"<div><img data-recalc-dims=\"1\" decoding=\"async\" src=\"https:\/\/i0.wp.com\/www.inforegion.com.ar\/wp-content\/uploads\/2022\/05\/operativo-frio-lanus.jpeg?w=640&#038;ssl=1\" class=\"ff-og-image-inserted\"><\/div>\n<p>El equipo de Desarrollo Social de la comuna de Lan\u00fas prepara <strong>viandas de comida<\/strong> para ser entregadas de lunes a viernes en distintos puntos del municipio a personas que se encuentran en situaci\u00f3n de calle, una actividad que <strong>a causa de la ola de fr\u00edo polar, tambi\u00e9n incluy\u00f3 un operativo de entrega de mantas<\/strong> de polar y abrigos.<\/p>\n<p>El programa comenz\u00f3 a mediados del 2016 bajo el nombre de Operativo Fr\u00edo porque los alimentos se entregaban en \u00e9poca invernal aunque la iniciativa se extendi\u00f3 a todo el a\u00f1o y se <strong>realiza en 35 puntos de entrega en el territorio distrital coordinados y relevados por la direcci\u00f3n de Asistencia Cr\u00edtica <\/strong>que, adem\u00e1s, intenta establecer contacto con las familias, o saber si cuentan con alg\u00fan otro tipo de asistencia.<\/p>\n<figure class=\"wp-block-embed is-type-rich is-provider-twitter wp-block-embed-twitter\">\n<div class=\"wp-block-embed__wrapper\">\n<blockquote class=\"twitter-tweet\" data-width=\"550\" data-dnt=\"true\">\n<p lang=\"es\" dir=\"ltr\">Implementamos esta iniciativa durante todo el a\u00f1o, pero muy especialmente durante las noches fr\u00edas como hoy. Si ves a alguien que la est\u00e1 pasando mal y necesita asistencia llam\u00e1 al 4357-5177. En Lan\u00fas nos ayudamos entre todos. <a href=\"https:\/\/t.co\/pq28QrOmp4\">pic.twitter.com\/pq28QrOmp4<\/a><\/p>\n<p>\u2014 Diego Kravetz (@diegokravetz) <a href=\"https:\/\/twitter.com\/diegokravetz\/status\/1531414812898435072?ref_src=twsrc%5Etfw\">May 30, 2022<\/a><\/p><\/blockquote>\n<\/div>\n<\/figure>\n<p>Los puntos de entrega son los espacios de la v\u00eda p\u00fablica en los que una o varias personas pasan la noche. <\/p>\n<p>Los trabajos fueron supervisados por el jefe de Gabinete, Diego Kravetz, y la secretaria de Desarrollo Social, Noelia Quindimil-<\/p>\n<p>Adem\u00e1s del operativo diario, <strong>los mi\u00e9rcoles de 8 a 12 se les brinda la posibilidad de ba\u00f1arse en las instalaciones del Ministerio de Dios<\/strong> para lo cual desde el municipio se les entregan toallones y productos para la higiene personal.<\/p>\n<p>Seg\u00fan la comuna la mayor\u00eda de quienes se encuentran en situaci\u00f3n de calle son <strong>hombres entre los 30 y los 70 a\u00f1os<\/strong>.<\/p>\n<p>Por otra parte, desde el municipio de Lan\u00fas precisaron que quienes vean a personas en situaci\u00f3n de necesitar asistencia pueden comunicarlo al <strong>4357-5177<\/strong>.<\/p>\n","protected":false},"excerpt":{"rendered":"<p>El equipo de Desarrollo Social de la comuna de Lan\u00fas prepara viandas de comida para ser entregadas de lunes a viernes en distintos puntos del municipio a personas que se encuentran en situaci\u00f3n de calle, una actividad que a causa de la ola de fr\u00edo polar, tambi\u00e9n incluy\u00f3 un operativo de entrega de mantas de [&hellip;]<\/p>\n","protected":false},"author":2,"featured_media":2483,"comment_status":"closed","ping_status":"closed","sticky":false,"template":"","format":"standard","meta":{"jetpack_post_was_ever_published":false,"_jetpack_newsletter_access":"","_jetpack_dont_email_post_to_subs":false,"_jetpack_newsletter_tier_id":0,"_jetpack_memberships_contains_paywalled_content":false,"_jetpack_memberships_contains_paid_content":false,"footnotes":"","jetpack_publicize_message":"","jetpack_publicize_feature_enabled":true,"jetpack_social_post_already_shared":true,"jetpack_social_options":{"image_generator_settings":{"template":"highway","enabled":false},"version":2}},"categories":[19],"tags":[923,773,774,23,924,925],"class_list":["post-2482","post","type-post","status-publish","format-standard","has-post-thumbnail","hentry","category-municipio","tag-asistencia-critica","tag-centrales","tag-destacadas","tag-lanus","tag-operativo-frio","tag-personas-en-situacion-de-calle"],"jetpack_publicize_connections":[],"jetpack_featured_media_url":"https:\/\/i0.wp.com\/infolanus.com\/wp-content\/uploads\/2022\/06\/lanus-operativo-solidario-para-personas-en-situacion-de-calle.jpg?fit=640%2C360&ssl=1","jetpack_sharing_enabled":true,"jetpack_shortlink":"https:\/\/wp.me\/p9QtMr-E2","_links":{"self":[{"href":"https:\/\/infolanus.com\/index.php\/wp-json\/wp\/v2\/posts\/2482","targetHints":{"allow":["GET"]}}],"collection":[{"href":"https:\/\/infolanus.com\/index.php\/wp-json\/wp\/v2\/posts"}],"about":[{"href":"https:\/\/infolanus.com\/index.php\/wp-json\/wp\/v2\/types\/post"}],"author":[{"embeddable":true,"href":"https:\/\/infolanus.com\/index.php\/wp-json\/wp\/v2\/users\/2"}],"replies":[{"embeddable":true,"href":"https:\/\/infolanus.com\/index.php\/wp-json\/wp\/v2\/comments?post=2482"}],"version-history":[{"count":0,"href":"https:\/\/infolanus.com\/index.php\/wp-json\/wp\/v2\/posts\/2482\/revisions"}],"wp:featuredmedia":[{"embeddable":true,"href":"https:\/\/infolanus.com\/index.php\/wp-json\/wp\/v2\/media\/2483"}],"wp:attachment":[{"href":"https:\/\/infolanus.com\/index.php\/wp-json\/wp\/v2\/media?parent=2482"}],"wp:term":[{"taxonomy":"category","embeddable":true,"href":"https:\/\/infolanus.com\/index.php\/wp-json\/wp\/v2\/categories?post=2482"},{"taxonomy":"post_tag","embeddable":true,"href":"https:\/\/infolanus.com\/index.php\/wp-json\/wp\/v2\/tags?post=2482"}],"curies":[{"name":"wp","href":"https:\/\/api.w.org\/{rel}","templated":true}]}}