{"id":2528,"date":"2022-07-01T13:42:37","date_gmt":"2022-07-01T16:42:37","guid":{"rendered":"http:\/\/infolanus.com\/index.php\/2022\/07\/01\/la-advertencia-de-martin-palermo-a-riquelme-en-caso-que-lo-llame-para-dirigir-a-boca\/"},"modified":"2022-07-01T13:42:37","modified_gmt":"2022-07-01T16:42:37","slug":"la-advertencia-de-martin-palermo-a-riquelme-en-caso-que-lo-llame-para-dirigir-a-boca","status":"publish","type":"post","link":"https:\/\/infolanus.com\/index.php\/2022\/07\/01\/la-advertencia-de-martin-palermo-a-riquelme-en-caso-que-lo-llame-para-dirigir-a-boca\/","title":{"rendered":"La advertencia de Mart\u00edn Palermo a Riquelme en caso que lo llame para dirigir a Boca"},"content":{"rendered":"<div class=\"media_block\"><\/div>\n<div><img data-recalc-dims=\"1\" decoding=\"async\" src=\"https:\/\/i0.wp.com\/fotos.perfil.com\/2022\/07\/01\/trim\/1140\/641\/martin-palermo-1380004.jpg?w=640&#038;ssl=1\" class=\"ff-og-image-inserted\"><\/div>\n<p><a target=\"_blank\" href=\"https:\/\/442.perfil.com\/noticias\/futbol\/palermo-fulmino-a-la-dirigencia-de-aldosivi-parece-que-mis-objetivos-no-eran-los-mismo-que-los-del-club.phtml\"><strong>Mart\u00edn Palermo<\/strong><\/a> estuvo como invitado especial al programa <em>F12<\/em> que conduce <strong>Mariano Closs<\/strong> en <em>ESPN <\/em>y el <em>Tit\u00e1n <\/em>no esquiv\u00f3 una <strong>pregunta de rigor<\/strong>: \u00bfQu\u00e9 pasa si <strong><a target=\"_blank\" href=\"https:\/\/442.perfil.com\/noticias\/futbol\/riquelme-advirtio-a-tevez-desde-boca-ante-su-inminente-llegada-a-rosario-central.phtml\">Juan Rom\u00e1n Riquelme<\/a> <\/strong>lo llama para dirigir a <a target=\"_blank\" href=\"https:\/\/442.perfil.com\/noticias\/futbol\/el-kun-aguero-se-rindo-a-los-pies-del-changuito-zeballos-en-boca-juniors-me-gusta-el-pibe.phtml\"><strong>Boca<\/strong><\/a>?<\/p>\n<p>Se sabe que la relaci\u00f3n entre <strong>Palermo <\/strong>y <strong>Riquelme <\/strong>cuando compartieron vestuario en <strong>Boca<\/strong> no era de amistad, pero juntos llevaron al <em>Xeneize <\/em>a saborear las mieles del \u00e9xito y fueron una dupla letal&nbsp;en el equipo de<strong> Carlos Bianchi<\/strong>.&nbsp;&nbsp;<\/p>\n<p>&#8220;Seguramente, si Rom\u00e1n me llama para ciertos momentos de Boca que no est\u00e9 un entrenador y me quiere proponer algo&#8230; <strong>Despu\u00e9s hay que ver cu\u00e1l es el proyecto involucr\u00e1ndome a m\u00ed, cu\u00e1l es la idea y si es compatible con la m\u00eda&#8221;<\/strong>, expres\u00f3 <strong>Palermo<\/strong>, de \u00faltimo paso por<strong> Aldosivi de Mar del Plata<\/strong> como DT.&nbsp;<\/p>\n<p>Durante la entrevista, <strong>Palermo <\/strong>admiti\u00f3 que le gustar\u00eda ser el director t\u00e9cnico de <strong>Boca <\/strong>o <strong>Estudiantes de La Plata<\/strong>, dos de los clubes donde grit\u00f3 m\u00e1s goles. Claro, siempre respetando a los t\u00e9cnicos que est\u00e1n trabajando, como <strong>Sebasti\u00e1n Battaglia<\/strong> y<strong> Ricardo Zielinsk<\/strong>i, respectivamente.&nbsp;<\/p>\n","protected":false},"excerpt":{"rendered":"<p>Mart\u00edn Palermo estuvo como invitado especial al programa F12 que conduce Mariano Closs en ESPN y el Tit\u00e1n no esquiv\u00f3 una pregunta de rigor: \u00bfQu\u00e9 pasa si Juan Rom\u00e1n Riquelme lo llama para dirigir a Boca? Se sabe que la relaci\u00f3n entre Palermo y Riquelme cuando compartieron vestuario en Boca no era de amistad, pero [&hellip;]<\/p>\n","protected":false},"author":2,"featured_media":2529,"comment_status":"closed","ping_status":"closed","sticky":false,"template":"","format":"standard","meta":{"jetpack_post_was_ever_published":false,"_jetpack_newsletter_access":"","_jetpack_dont_email_post_to_subs":false,"_jetpack_newsletter_tier_id":0,"_jetpack_memberships_contains_paywalled_content":false,"_jetpack_memberships_contains_paid_content":false,"footnotes":"","jetpack_publicize_message":"","jetpack_publicize_feature_enabled":true,"jetpack_social_post_already_shared":true,"jetpack_social_options":{"image_generator_settings":{"template":"highway","enabled":false},"version":2}},"categories":[17],"tags":[],"class_list":["post-2528","post","type-post","status-publish","format-standard","has-post-thumbnail","hentry","category-deportes"],"jetpack_publicize_connections":[],"jetpack_featured_media_url":"https:\/\/i0.wp.com\/infolanus.com\/wp-content\/uploads\/2022\/07\/la-advertencia-de-martin-palermo-a-riquelme-en-caso-que-lo-llame-para-dirigir-a-boca.jpg?fit=1140%2C641&ssl=1","jetpack_sharing_enabled":true,"jetpack_shortlink":"https:\/\/wp.me\/p9QtMr-EM","_links":{"self":[{"href":"https:\/\/infolanus.com\/index.php\/wp-json\/wp\/v2\/posts\/2528","targetHints":{"allow":["GET"]}}],"collection":[{"href":"https:\/\/infolanus.com\/index.php\/wp-json\/wp\/v2\/posts"}],"about":[{"href":"https:\/\/infolanus.com\/index.php\/wp-json\/wp\/v2\/types\/post"}],"author":[{"embeddable":true,"href":"https:\/\/infolanus.com\/index.php\/wp-json\/wp\/v2\/users\/2"}],"replies":[{"embeddable":true,"href":"https:\/\/infolanus.com\/index.php\/wp-json\/wp\/v2\/comments?post=2528"}],"version-history":[{"count":0,"href":"https:\/\/infolanus.com\/index.php\/wp-json\/wp\/v2\/posts\/2528\/revisions"}],"wp:featuredmedia":[{"embeddable":true,"href":"https:\/\/infolanus.com\/index.php\/wp-json\/wp\/v2\/media\/2529"}],"wp:attachment":[{"href":"https:\/\/infolanus.com\/index.php\/wp-json\/wp\/v2\/media?parent=2528"}],"wp:term":[{"taxonomy":"category","embeddable":true,"href":"https:\/\/infolanus.com\/index.php\/wp-json\/wp\/v2\/categories?post=2528"},{"taxonomy":"post_tag","embeddable":true,"href":"https:\/\/infolanus.com\/index.php\/wp-json\/wp\/v2\/tags?post=2528"}],"curies":[{"name":"wp","href":"https:\/\/api.w.org\/{rel}","templated":true}]}}