{"id":2534,"date":"2022-07-02T11:05:12","date_gmt":"2022-07-02T14:05:12","guid":{"rendered":"http:\/\/infolanus.com\/index.php\/2022\/07\/02\/diego-garcia-acusado-de-abuso-sexual-rescindio-su-contrato-y-volvio-a-su-pais\/"},"modified":"2022-07-02T11:05:12","modified_gmt":"2022-07-02T14:05:12","slug":"diego-garcia-acusado-de-abuso-sexual-rescindio-su-contrato-y-volvio-a-su-pais","status":"publish","type":"post","link":"https:\/\/infolanus.com\/index.php\/2022\/07\/02\/diego-garcia-acusado-de-abuso-sexual-rescindio-su-contrato-y-volvio-a-su-pais\/","title":{"rendered":"Diego Garc\u00eda, acusado de abuso sexual, rescindi\u00f3 su contrato y volvi\u00f3 a su pa\u00eds"},"content":{"rendered":"<div class=\"media_block\"><\/div>\n<div><img data-recalc-dims=\"1\" decoding=\"async\" src=\"https:\/\/i0.wp.com\/fotos.perfil.com\/2022\/07\/02\/trim\/1140\/641\/diego-garcia-1380448.jpg?w=640&#038;ssl=1\" class=\"ff-og-image-inserted\"><\/div>\n<p>El volante uruguayo <a target=\"_blank\" href=\"https:\/\/442.perfil.com\/noticias\/futbol\/un-jugador-de-patronato-fue-enviado-a-juicio-oral-mientras-jugaba-ante-gimnasia.phtml\"><strong>Diego Garc\u00eda<\/strong><\/a>, quien ser\u00e1 sometido a un juicio oral por un caso de abuso sexual ocurrido en 2021, rescindi\u00f3 su contrato con <strong>Patronato de Paran\u00e1<\/strong> y volver\u00e1 a su pa\u00eds para jugar en<a target=\"_blank\" href=\"https:\/\/442.perfil.com\/noticias\/futbol\/insolito-penarol-le-gano-a-nacional-por-sorteo.phtml\"> <strong>Nacional de Montevideo<\/strong><\/a>.<\/p>\n<blockquote class=\"twitter-tweet\" readability=\"9.5568513119534\">\n<p lang=\"es\" dir=\"ltr\">\u26a0\ufe0f Comunicado <a href=\"https:\/\/twitter.com\/hashtag\/Patronato?src=hash&amp;ref_src=twsrc%5Etfw\">#Patronato<\/a> | El jugador Diego Garc\u00eda rescindi\u00f3 en el mediod\u00eda de hoy su contrato con la instituci\u00f3n rojinegra. <\/p>\n<p>El delantero obtuvo permiso por el actual juez a cargo de su causa para salir del pa\u00eds y, despu\u00e9s de mucho tiempo, poder volver a Uruguay (+) <a href=\"https:\/\/t.co\/sxX7esHMEa\">https:\/\/t.co\/sxX7esHMEa<\/a><\/p>\n<p>\u2014 Gaby Obelar (@GabyObelar1) <a href=\"https:\/\/twitter.com\/GabyObelar1\/status\/1542921667353231361?ref_src=twsrc%5Etfw\">July 1, 2022<\/a><\/p><\/blockquote>\n<p><a target=\"_blank\" href=\"https:\/\/442.perfil.com\/noticias\/futbol\/grave-denuncia-por-abuso-sexual-contra-jugador-de-estudiantes-de-la-plata.phtml\"><strong>Garc\u00eda <\/strong><\/a>ya rescindi\u00f3 su contrato con la instituci\u00f3n entrerriana y adem\u00e1s resolvi\u00f3 su situaci\u00f3n con <a target=\"_blank\" href=\"https:\/\/442.perfil.com\/noticias\/futbol\/estudiantes-gano-con-polemica-y-noguera-le-respondio-a-nacional-no-nos-pudieron-hacer-un-gol-y-piden-un-penal.phtml\"><strong>Estudiantes de La Plata<\/strong><\/a>, club due\u00f1o de su pase, para regresar a su pa\u00eds.<\/p>\n<p>El uruguayo asegur\u00f3 haber recibido el permiso para viajar por parte del juez que lleva adelante la causa (\u201cabuso sexual con acceso carnal\u201d, ocurrida a inicios del a\u00f1o pasado), por lo que r\u00e1pidamente su agente negoci\u00f3 su llegada a Nacional de Montevideo, donde jugar\u00e1 a pr\u00e9stamo hasta que se inicie el juicio.<\/p>\n<p>El 24 de febrero de 2021, cuando era parte del plantel de <strong>Estudiantes<\/strong>, <strong>Garc\u00eda <\/strong>p<strong>articip\u00f3 de una fiesta tras la cual una de las asistentes denunci\u00f3 que el futbolista la forz\u00f3 a ingresar al ba\u00f1o, la golpe\u00f3 en un ojo y la abus\u00f3 sexualmente<\/strong>.<\/p>\n<p>Semanas atr\u00e1s el juez de Garant\u00edas <strong>Pablo Raele <\/strong>anunci\u00f3 que la causa ir\u00e1 a juicio oral, tras rechazar los pedidos de nulidad y sobreseimiento de la defensa del uruguayo de 25 a\u00f1os, que podr\u00eda recibir, si se lo considera culpable, entre 6 y 15 a\u00f1os de prisi\u00f3n.<\/p>\n","protected":false},"excerpt":{"rendered":"<p>El volante uruguayo Diego Garc\u00eda, quien ser\u00e1 sometido a un juicio oral por un caso de abuso sexual ocurrido en 2021, rescindi\u00f3 su contrato con Patronato de Paran\u00e1 y volver\u00e1 a su pa\u00eds para jugar en Nacional de Montevideo. \u26a0\ufe0f Comunicado #Patronato | El jugador Diego Garc\u00eda rescindi\u00f3 en el mediod\u00eda de hoy su contrato [&hellip;]<\/p>\n","protected":false},"author":2,"featured_media":2535,"comment_status":"closed","ping_status":"closed","sticky":false,"template":"","format":"standard","meta":{"jetpack_post_was_ever_published":false,"_jetpack_newsletter_access":"","_jetpack_dont_email_post_to_subs":false,"_jetpack_newsletter_tier_id":0,"_jetpack_memberships_contains_paywalled_content":false,"_jetpack_memberships_contains_paid_content":false,"footnotes":"","jetpack_publicize_message":"","jetpack_publicize_feature_enabled":true,"jetpack_social_post_already_shared":true,"jetpack_social_options":{"image_generator_settings":{"template":"highway","enabled":false},"version":2}},"categories":[17],"tags":[],"class_list":["post-2534","post","type-post","status-publish","format-standard","has-post-thumbnail","hentry","category-deportes"],"jetpack_publicize_connections":[],"jetpack_featured_media_url":"https:\/\/i0.wp.com\/infolanus.com\/wp-content\/uploads\/2022\/07\/diego-garcia-acusado-de-abuso-sexual-rescindio-su-contrato-y-volvio-a-su-pais.jpg?fit=1140%2C641&ssl=1","jetpack_sharing_enabled":true,"jetpack_shortlink":"https:\/\/wp.me\/p9QtMr-ES","_links":{"self":[{"href":"https:\/\/infolanus.com\/index.php\/wp-json\/wp\/v2\/posts\/2534","targetHints":{"allow":["GET"]}}],"collection":[{"href":"https:\/\/infolanus.com\/index.php\/wp-json\/wp\/v2\/posts"}],"about":[{"href":"https:\/\/infolanus.com\/index.php\/wp-json\/wp\/v2\/types\/post"}],"author":[{"embeddable":true,"href":"https:\/\/infolanus.com\/index.php\/wp-json\/wp\/v2\/users\/2"}],"replies":[{"embeddable":true,"href":"https:\/\/infolanus.com\/index.php\/wp-json\/wp\/v2\/comments?post=2534"}],"version-history":[{"count":0,"href":"https:\/\/infolanus.com\/index.php\/wp-json\/wp\/v2\/posts\/2534\/revisions"}],"wp:featuredmedia":[{"embeddable":true,"href":"https:\/\/infolanus.com\/index.php\/wp-json\/wp\/v2\/media\/2535"}],"wp:attachment":[{"href":"https:\/\/infolanus.com\/index.php\/wp-json\/wp\/v2\/media?parent=2534"}],"wp:term":[{"taxonomy":"category","embeddable":true,"href":"https:\/\/infolanus.com\/index.php\/wp-json\/wp\/v2\/categories?post=2534"},{"taxonomy":"post_tag","embeddable":true,"href":"https:\/\/infolanus.com\/index.php\/wp-json\/wp\/v2\/tags?post=2534"}],"curies":[{"name":"wp","href":"https:\/\/api.w.org\/{rel}","templated":true}]}}