{"id":2659,"date":"2022-07-20T13:36:18","date_gmt":"2022-07-20T16:36:18","guid":{"rendered":"https:\/\/www.inforegion.com.ar\/?p=222501"},"modified":"2022-07-20T13:36:18","modified_gmt":"2022-07-20T16:36:18","slug":"un-hombre-mato-a-la-perra-del-vecino-en-lanus","status":"publish","type":"post","link":"https:\/\/infolanus.com\/index.php\/2022\/07\/20\/un-hombre-mato-a-la-perra-del-vecino-en-lanus\/","title":{"rendered":"Un hombre mat\u00f3 a la perra del vecino en Lan\u00fas"},"content":{"rendered":"<div><img data-recalc-dims=\"1\" decoding=\"async\" src=\"https:\/\/i0.wp.com\/www.inforegion.com.ar\/wp-content\/uploads\/2022\/07\/perralola.jpg?w=640&#038;ssl=1\" class=\"ff-og-image-inserted\"><\/div>\n<p><strong>Un hombre mat\u00f3 a la mascota de un vecino de un disparo. <\/strong>Fue detenido pero el barrio exige que no sea liberado porque tienen miedo. \u201cLola no muri\u00f3, la mataron y de la manera m\u00e1s cruel, de un tiro y sin reparo alguno\u201d, advirti\u00f3 Aldana, quien comparti\u00f3 su vida con la perra. <\/p>\n<p>De acuerdo al relato de la joven, <strong>Lola sal\u00eda todas las ma\u00f1ana con su padre, para acompa\u00f1ar a su madre al trabajo. <\/strong>\u201cSiempre hac\u00edan lo mismo, abr\u00eda la puerta y ella sal\u00eda primero, despu\u00e9s \u00e9l\u201d, explic\u00f3. A<strong>yer, la escena se torn\u00f3 tr\u00e1gica. Un hombre, que vive en las inmediaciones, le dispar\u00f3 y la mat\u00f3.<\/strong><\/p>\n<p><strong>La Polic\u00eda de la provincia de Buenos Aires detuvo a un hombre de 82 a\u00f1os, se\u00f1alado por los vecinos como \u201cun violento\u201d.<\/strong> De hecho, dos mujeres advirtieron que las insultaba cuando pasaban por la casa e incluso una de ellas, Virginia, precis\u00f3 que lleg\u00f3 a apuntarle con un arma en la cabeza. <\/p>\n<p>Cuando los efectivos lo detuvieron, el hombre les indic\u00f3 que ten\u00eda dos armas en su casa, una escopeta y una pistola semiautom\u00e1tica. Ambas fueron secuestradas en el domicilio de De la Cruz al 200.<\/p>\n<p>La causa, caratulada como \u201ctenencia de arma y maltrato animal\u201d, est\u00e1 en manos de la Unidad Funcional de Instrucci\u00f3n (UFI) 7 del Departamento Judicial Avellaneda-Lan\u00fas.<\/p>\n<p>\u201cEscribo estas palabras con el coraz\u00f3n roto, Lola no era mi mascota era mi familia. Quien la conoc\u00eda sab\u00eda que era el ser m\u00e1s bueno y noble de este mundo, fue mi compa\u00f1era de vida, de estudio, de alegr\u00edas y de tristezas.. y hoy me toca despedirla. Lola no muri\u00f3, la mataron y de la manera m\u00e1s cruel, de un tiro y sin repar\u00f3 alguno\u201d, advierte el mensaje de Aldana.<\/p>\n<p>En ese sentido, se\u00f1ala: \u201c<strong>No sabemos si el tiro era para mi pap\u00e1 o para la perra, solo sabemos que hoy nos arrebat\u00f3 una parte de nuestra vida<\/strong>\u201c. \u201cEste hombre es nuestro vecino, no es la primera vez que hace algo similar. Hace muy poco tiempo le disparo al perro de una vecina y casi mata a la hija, tambi\u00e9n amenaz\u00f3 de muerte a otra se\u00f1ora y ya tiene un sin fin de denuncias\u201d, apunta.<\/p>\n","protected":false},"excerpt":{"rendered":"<p>Un hombre mat\u00f3 a la mascota de un vecino de un disparo. Fue detenido pero el barrio exige que no sea liberado porque tienen miedo. \u201cLola no muri\u00f3, la mataron y de la manera m\u00e1s cruel, de un tiro y sin reparo alguno\u201d, advirti\u00f3 Aldana, quien comparti\u00f3 su vida con la perra. De acuerdo al [&hellip;]<\/p>\n","protected":false},"author":2,"featured_media":2660,"comment_status":"closed","ping_status":"closed","sticky":false,"template":"","format":"standard","meta":{"jetpack_post_was_ever_published":false,"_jetpack_newsletter_access":"","_jetpack_dont_email_post_to_subs":false,"_jetpack_newsletter_tier_id":0,"_jetpack_memberships_contains_paywalled_content":false,"_jetpack_memberships_contains_paid_content":false,"footnotes":"","jetpack_publicize_message":"","jetpack_publicize_feature_enabled":true,"jetpack_social_post_already_shared":true,"jetpack_social_options":{"image_generator_settings":{"template":"highway","enabled":false},"version":2}},"categories":[19,547],"tags":[773,774,262,23,500,977,822,978],"class_list":["post-2659","post","type-post","status-publish","format-standard","has-post-thumbnail","hentry","category-municipio","category-policiales","tag-centrales","tag-destacadas","tag-detenido","tag-lanus","tag-muerte","tag-perra","tag-policiales","tag-vecino"],"jetpack_publicize_connections":[],"jetpack_featured_media_url":"https:\/\/i0.wp.com\/infolanus.com\/wp-content\/uploads\/2022\/07\/un-hombre-mato-a-la-perra-del-vecino-en-lanus.jpg?fit=1200%2C675&ssl=1","jetpack_sharing_enabled":true,"jetpack_shortlink":"https:\/\/wp.me\/p9QtMr-GT","_links":{"self":[{"href":"https:\/\/infolanus.com\/index.php\/wp-json\/wp\/v2\/posts\/2659","targetHints":{"allow":["GET"]}}],"collection":[{"href":"https:\/\/infolanus.com\/index.php\/wp-json\/wp\/v2\/posts"}],"about":[{"href":"https:\/\/infolanus.com\/index.php\/wp-json\/wp\/v2\/types\/post"}],"author":[{"embeddable":true,"href":"https:\/\/infolanus.com\/index.php\/wp-json\/wp\/v2\/users\/2"}],"replies":[{"embeddable":true,"href":"https:\/\/infolanus.com\/index.php\/wp-json\/wp\/v2\/comments?post=2659"}],"version-history":[{"count":0,"href":"https:\/\/infolanus.com\/index.php\/wp-json\/wp\/v2\/posts\/2659\/revisions"}],"wp:featuredmedia":[{"embeddable":true,"href":"https:\/\/infolanus.com\/index.php\/wp-json\/wp\/v2\/media\/2660"}],"wp:attachment":[{"href":"https:\/\/infolanus.com\/index.php\/wp-json\/wp\/v2\/media?parent=2659"}],"wp:term":[{"taxonomy":"category","embeddable":true,"href":"https:\/\/infolanus.com\/index.php\/wp-json\/wp\/v2\/categories?post=2659"},{"taxonomy":"post_tag","embeddable":true,"href":"https:\/\/infolanus.com\/index.php\/wp-json\/wp\/v2\/tags?post=2659"}],"curies":[{"name":"wp","href":"https:\/\/api.w.org\/{rel}","templated":true}]}}