{"id":276,"date":"2018-04-22T13:42:04","date_gmt":"2018-04-22T16:42:04","guid":{"rendered":"http:\/\/infolanus.com\/?p=276"},"modified":"2018-04-22T13:42:04","modified_gmt":"2018-04-22T16:42:04","slug":"vidal-a-los-docentes-les-garantizamos-que-no-van-a-perder-contra-la-inflacion","status":"publish","type":"post","link":"https:\/\/infolanus.com\/index.php\/2018\/04\/22\/vidal-a-los-docentes-les-garantizamos-que-no-van-a-perder-contra-la-inflacion\/","title":{"rendered":"Vidal a los docentes: &#8220;Les garantizamos que no van a perder contra la inflaci\u00f3n\u201d"},"content":{"rendered":"<p>Los docentes bonaerenses rechazaron una nueva propuesta del gobierno de la provincia y anunciaron que el mi\u00e9rcoles 25 de abril realizar\u00e1n un paro general. La gobernadora Mar\u00eda Eugenia Vidal coment\u00f3 en el programa de Mirtha Legrand en Canal 13 que <strong>\u201ccambiamos la oferta y propusimos un aumento de 10% por seis meses y en junio nos volvemos a sentar. Dijeron que no. A esta altura no puedo creer que no haya otra cosa que intencionalidad pol\u00edtica\u201d.<\/strong><\/p>\n<p><strong>\u201cSepan que voy a cumplir con mi palabra para que ellos no pierdan plata, m\u00e1s all\u00e1 de que los dirigentes gremiales quieran hacer pol\u00edtica con esto\u201d<\/strong>, destac\u00f3 Vidal, quien resalt\u00f3 que<strong> \u201cno se puede hacer pol\u00edtica con la necesidad de los maestros y de los padres de que los chicos vayan a la escuela\u201d.<\/strong><\/p>\n<p><strong>\u201cSi ellos creen que su oferta es razonable, digan de d\u00f3nde recortamos. Queremos que los maestros ganen m\u00e1s, pero qu\u00e9 dejamos de hacer. Pongamos seriedad en la discusi\u00f3n\u201c<\/strong>, expres\u00f3 Vidal, quien aclar\u00f3 que aclar\u00f3, de cada $10 que ingresan a Buenos Aires, cinco van a salarios, dos a jubilaciones, dos a los municipios y el peso restante a medicamentos, comedores, planes sociales y obras.<\/p>\n","protected":false},"excerpt":{"rendered":"<p>Los docentes bonaerenses rechazaron una nueva propuesta del gobierno de la provincia y anunciaron que el mi\u00e9rcoles 25 de abril realizar\u00e1n un paro general. La gobernadora Mar\u00eda Eugenia Vidal coment\u00f3 en el programa de Mirtha Legrand en Canal 13 que \u201ccambiamos la oferta y propusimos un aumento de 10% por seis meses y en junio [&hellip;]<\/p>\n","protected":false},"author":2,"featured_media":277,"comment_status":"open","ping_status":"open","sticky":false,"template":"","format":"standard","meta":{"jetpack_post_was_ever_published":false,"_jetpack_newsletter_access":"","_jetpack_dont_email_post_to_subs":false,"_jetpack_newsletter_tier_id":0,"_jetpack_memberships_contains_paywalled_content":false,"_jetpack_memberships_contains_paid_content":false,"footnotes":"","jetpack_publicize_message":"","jetpack_publicize_feature_enabled":true,"jetpack_social_post_already_shared":true,"jetpack_social_options":{"image_generator_settings":{"template":"highway","enabled":false},"version":2}},"categories":[16],"tags":[92,91,27,93],"class_list":["post-276","post","type-post","status-publish","format-standard","has-post-thumbnail","hentry","category-politica","tag-docentes","tag-maria-eugenia-vidal","tag-paritarias","tag-suteba"],"jetpack_publicize_connections":[],"jetpack_featured_media_url":"https:\/\/i0.wp.com\/infolanus.com\/wp-content\/uploads\/2018\/04\/vidal-docentes.jpg?fit=1200%2C897&ssl=1","jetpack_sharing_enabled":true,"jetpack_shortlink":"https:\/\/wp.me\/p9QtMr-4s","_links":{"self":[{"href":"https:\/\/infolanus.com\/index.php\/wp-json\/wp\/v2\/posts\/276","targetHints":{"allow":["GET"]}}],"collection":[{"href":"https:\/\/infolanus.com\/index.php\/wp-json\/wp\/v2\/posts"}],"about":[{"href":"https:\/\/infolanus.com\/index.php\/wp-json\/wp\/v2\/types\/post"}],"author":[{"embeddable":true,"href":"https:\/\/infolanus.com\/index.php\/wp-json\/wp\/v2\/users\/2"}],"replies":[{"embeddable":true,"href":"https:\/\/infolanus.com\/index.php\/wp-json\/wp\/v2\/comments?post=276"}],"version-history":[{"count":1,"href":"https:\/\/infolanus.com\/index.php\/wp-json\/wp\/v2\/posts\/276\/revisions"}],"predecessor-version":[{"id":278,"href":"https:\/\/infolanus.com\/index.php\/wp-json\/wp\/v2\/posts\/276\/revisions\/278"}],"wp:featuredmedia":[{"embeddable":true,"href":"https:\/\/infolanus.com\/index.php\/wp-json\/wp\/v2\/media\/277"}],"wp:attachment":[{"href":"https:\/\/infolanus.com\/index.php\/wp-json\/wp\/v2\/media?parent=276"}],"wp:term":[{"taxonomy":"category","embeddable":true,"href":"https:\/\/infolanus.com\/index.php\/wp-json\/wp\/v2\/categories?post=276"},{"taxonomy":"post_tag","embeddable":true,"href":"https:\/\/infolanus.com\/index.php\/wp-json\/wp\/v2\/tags?post=276"}],"curies":[{"name":"wp","href":"https:\/\/api.w.org\/{rel}","templated":true}]}}