{"id":285,"date":"2018-04-24T14:07:09","date_gmt":"2018-04-24T17:07:09","guid":{"rendered":"http:\/\/infolanus.com\/?p=285"},"modified":"2018-04-24T22:48:50","modified_gmt":"2018-04-25T01:48:50","slug":"talleres-perdio-con-platense-pero-ya-tiene-la-mente-puesta-en-el-reducido","status":"publish","type":"post","link":"https:\/\/infolanus.com\/index.php\/2018\/04\/24\/talleres-perdio-con-platense-pero-ya-tiene-la-mente-puesta-en-el-reducido\/","title":{"rendered":"Talleres perdi\u00f3 con Platense pero ya tiene la mente puesta en el reducido"},"content":{"rendered":"<p>En el encuentro que cerr\u00f3 la fecha 33 de la Primera &#8220;B&#8221; Metropolitana, Talleres cay\u00f3 3 a 0 ante un envalentonado Platense que ya palpita el ascenso. Los goles del vencedor fueron anotados por Agust\u00edn Gil Clarotti -en contra-,  Daniel Vega y el &#8220;chino&#8221; Jos\u00e9 Vizcarra.<\/p>\n<p>En la primera parte fue el &#8220;Calamar&#8221; quien tom\u00f3 las riendas del encuentro, pero las situaciones que hilvan\u00f3 no llevaron mayores complicaciones al arco defendido por El\u00edas Gomez.<\/p>\n<p>Por su parte, el rojiblanco aguantaba bien en defensa y esperaba agazapado poder armar una contra que pueda lastimar a su rival. Pero la presi\u00f3n y el buen pie de los locales siempre prevalec\u00eda sobre las intenciones de la visita.<\/p>\n<p>A lo largo de la primera etapa fue Platense el equipo que m\u00e1s busc\u00f3 desnivelar, y as\u00ed fue como a los 38 minutos del primer tiempo tuvo su premio. Facundo Curuchet sorprendi\u00f3 a toda la defensa de Talleres con un centro r\u00e1pido en la salida de un corner y Agust\u00edn Gil Clarotti &#8211; con el af\u00e1n de despejarla &#8211;  la meti\u00f3 en su propio arco para darle la ventaja al local.<\/p>\n<p>Unos minutos mas tarde, se dio la pol\u00e9mica de la noche, Mauro Marrone fue expulsado por una patada de atr\u00e1s contra Curuchet (que se escapaba solo en velocidad). El &#8220;5&#8221; se enloqueci\u00f3 con la decisi\u00f3n del juez y le jur\u00f3 que hab\u00eda ido a la pelota. Pero para Sebasti\u00e1n Bresba fue roja directa. Con el resultado desfavorable y un jugador de campo menos, el partido parec\u00eda inclinarse definitivamente para el lado del local.<\/p>\n<p>Tense se aprovech\u00f3 del hombre de m\u00e1s y en la segunda parte no tuvo sobresaltos; a los dos minutos Daniel Vega clav\u00f3 el 2-0 y Jos\u00e9 Vizcarra marc\u00f3 a los 46 minutos el 3-0 que sentenci\u00f3 el marcador. <\/p>\n<p>Poco pudo hacer el &#8220;tallarin&#8221; ante la contundencia y la supremac\u00eda del local, que de no mediar ningun inconveniente, se llevar\u00e1 el primer ascenso que pone en juego el torneo.<\/p>\n<p>Al equipo de Vicent\u00edn solo le resta completarla primera rueda el pr\u00f3ximo Domingo frente a Defensores de Belgrano y luego deber\u00e1 cambiar el chip para enfrentar de la mejor manera el reducido que marcar\u00e1 el destino del segundo ascenso a la B Nacional.<\/p>\n<p>S\u00cdNTESIS<\/p>\n<p>PLATENSE (3): De Olivera; Morgantini &#8211; Iribarren &#8211; Bocchino &#8211; Infante; Chivil\u00f3 &#8211; Gallegos &#8211; Palavecino &#8211; Tonetto; Curuchet y Vega. DT: Ruiz<\/p>\n<p>TALLERES (0): G\u00f3mez; Borda &#8211; Oterm\u00edn &#8211; Gigli &#8211; Demaio; Marrone &#8211; Arcuri &#8211; Passaglia &#8211; Gaona; Viturro y Gil Clarotti. DT: Vicent\u00edn<\/p>\n<p>GOLES: Gil Clarotti (e\/c) \/ Vega \/ Vizcarra<\/p>\n<p>AMARILLAS: G\u00f3mez (TAL) \/ Gigli (TAL) \/ Bocchino (PLA)<\/p>\n<p>ROJAS: Marrone (TAL)<\/p>\n<p>CAMBIOS<\/p>\n<p>PLATENSE: Pugliese x Curuchet \/ Vizcarra x Vega \/ Conicelli x Gallegos<\/p>\n<p>TALLERES: Carboni x Viturro \/ Pereyra x Gaona \/ Sosa x Passaglia<\/p>\n<p>ARBITRO: Sebasti\u00e1n Bresba<\/p>\n<p>ESTADIO: Ciudad de Vicente L\u00f3pez<\/p>\n","protected":false},"excerpt":{"rendered":"<p>En el encuentro que cerr\u00f3 la fecha 33 de la Primera &#8220;B&#8221; Metropolitana, Talleres cay\u00f3 3 a 0 ante un envalentonado Platense que ya palpita el ascenso. Los goles del vencedor fueron anotados por Agust\u00edn Gil Clarotti -en contra-, Daniel Vega y el &#8220;chino&#8221; Jos\u00e9 Vizcarra. En la primera parte fue el &#8220;Calamar&#8221; quien tom\u00f3 [&hellip;]<\/p>\n","protected":false},"author":2,"featured_media":289,"comment_status":"open","ping_status":"open","sticky":false,"template":"","format":"standard","meta":{"jetpack_post_was_ever_published":false,"_jetpack_newsletter_access":"","_jetpack_dont_email_post_to_subs":false,"_jetpack_newsletter_tier_id":0,"_jetpack_memberships_contains_paywalled_content":false,"_jetpack_memberships_contains_paid_content":false,"footnotes":"","jetpack_publicize_message":"","jetpack_publicize_feature_enabled":true,"jetpack_social_post_already_shared":true,"jetpack_social_options":{"image_generator_settings":{"template":"highway","enabled":false},"version":2}},"categories":[17],"tags":[30,101,102,100],"class_list":["post-285","post","type-post","status-publish","format-standard","has-post-thumbnail","hentry","category-deportes","tag-ascenso","tag-platense","tag-primera-b","tag-talleres-de-escalada"],"jetpack_publicize_connections":[],"jetpack_featured_media_url":"https:\/\/i0.wp.com\/infolanus.com\/wp-content\/uploads\/2018\/04\/platense-talleres-1.jpg?fit=1049%2C618&ssl=1","jetpack_sharing_enabled":true,"jetpack_shortlink":"https:\/\/wp.me\/p9QtMr-4B","_links":{"self":[{"href":"https:\/\/infolanus.com\/index.php\/wp-json\/wp\/v2\/posts\/285","targetHints":{"allow":["GET"]}}],"collection":[{"href":"https:\/\/infolanus.com\/index.php\/wp-json\/wp\/v2\/posts"}],"about":[{"href":"https:\/\/infolanus.com\/index.php\/wp-json\/wp\/v2\/types\/post"}],"author":[{"embeddable":true,"href":"https:\/\/infolanus.com\/index.php\/wp-json\/wp\/v2\/users\/2"}],"replies":[{"embeddable":true,"href":"https:\/\/infolanus.com\/index.php\/wp-json\/wp\/v2\/comments?post=285"}],"version-history":[{"count":5,"href":"https:\/\/infolanus.com\/index.php\/wp-json\/wp\/v2\/posts\/285\/revisions"}],"predecessor-version":[{"id":299,"href":"https:\/\/infolanus.com\/index.php\/wp-json\/wp\/v2\/posts\/285\/revisions\/299"}],"wp:featuredmedia":[{"embeddable":true,"href":"https:\/\/infolanus.com\/index.php\/wp-json\/wp\/v2\/media\/289"}],"wp:attachment":[{"href":"https:\/\/infolanus.com\/index.php\/wp-json\/wp\/v2\/media?parent=285"}],"wp:term":[{"taxonomy":"category","embeddable":true,"href":"https:\/\/infolanus.com\/index.php\/wp-json\/wp\/v2\/categories?post=285"},{"taxonomy":"post_tag","embeddable":true,"href":"https:\/\/infolanus.com\/index.php\/wp-json\/wp\/v2\/tags?post=285"}],"curies":[{"name":"wp","href":"https:\/\/api.w.org\/{rel}","templated":true}]}}