{"id":2927,"date":"2022-08-22T12:40:00","date_gmt":"2022-08-22T15:40:00","guid":{"rendered":"https:\/\/www.ambito.com\/mundo\/estados-unidos\/anthony-fauci-dejara-ser-el-principal-asesor-medico-eeuu-n5515781"},"modified":"2022-08-22T12:40:00","modified_gmt":"2022-08-22T15:40:00","slug":"anthony-fauci-dejara-de-ser-el-principal-asesor-medico-de-eeuu","status":"publish","type":"post","link":"https:\/\/infolanus.com\/index.php\/2022\/08\/22\/anthony-fauci-dejara-de-ser-el-principal-asesor-medico-de-eeuu\/","title":{"rendered":"Anthony Fauci dejar\u00e1 de ser el principal asesor m\u00e9dico de EEUU"},"content":{"rendered":"<div><img data-recalc-dims=\"1\" decoding=\"async\" src=\"https:\/\/i0.wp.com\/media.ambito.com\/p\/2b88c97dfb1d656f5485b158b14cf58f\/adjuntos\/239\/imagenes\/039\/814\/0039814166\/1200x675\/smart\/faucijpg.jpg?w=640&#038;ssl=1\" class=\"ff-og-image-inserted\"><\/div>\n<p>A partir del advenimiento de la pandemia de <strong>Covid-19<\/strong>, Fauci se convirti\u00f3 en <strong>la cara visible de la respuesta de Estados Unidos frente a la emergencia sanitaria<\/strong>. As\u00ed, particip\u00f3 de numerosas intervenciones en programas de radio y televisi\u00f3n para responder dudas e intentar <strong>combatir la desinformaci\u00f3n<\/strong> sobre dicho virus. Adem\u00e1s, en ese marco, se volvieron notorias sus diferencias con el entonces presidente, <strong>Donald Trump<\/strong>, respecto de qu\u00e9 medidas eran las m\u00e1s pertinentes. <\/p>\n<h2>La larga carrera del m\u00e9dico<\/h2>\n<p>Record\u00f3 que, durante sus 38 a\u00f1os al frente del NIAID, asesor\u00f3 a siete presidentes estadounidenses empezando con el republicano <strong>Ronald Reagan<\/strong> <strong>(1981-1989). <\/strong>Pas\u00f3, entre otras administraciones, por el gobierno del tambi\u00e9n republicano <strong>Donald Trump (2017-2021)<\/strong>. A lo largo de su carrera tambi\u00e9n tuvo que enfrentarse a diferentes enfermedades, desde el <strong>VIH\/Sida<\/strong> hasta <strong>epidemias de gripe aviar<\/strong>.<\/p>\n<p>&#8220;Gracias al poder de la ciencia y a las inversiones en investigaci\u00f3n e innovaci\u00f3n, <strong>el mundo ha podido combatir enfermedades mortales<\/strong> y ayudar a salvar vidas en todo el planeta.<strong> Estoy orgulloso de haber sido parte de este importante trabajo<\/strong> y espero ayudar a continuar haci\u00e9ndolo en el futuro&#8221;, explic\u00f3 en el comunicado mediante el cual hizo p\u00fablica su decisi\u00f3n.<\/p>\n","protected":false},"excerpt":{"rendered":"<p>A partir del advenimiento de la pandemia de Covid-19, Fauci se convirti\u00f3 en la cara visible de la respuesta de Estados Unidos frente a la emergencia sanitaria. As\u00ed, particip\u00f3 de numerosas intervenciones en programas de radio y televisi\u00f3n para responder dudas e intentar combatir la desinformaci\u00f3n sobre dicho virus. Adem\u00e1s, en ese marco, se volvieron [&hellip;]<\/p>\n","protected":false},"author":2,"featured_media":2928,"comment_status":"closed","ping_status":"closed","sticky":false,"template":"","format":"standard","meta":{"jetpack_post_was_ever_published":false,"_jetpack_newsletter_access":"","_jetpack_dont_email_post_to_subs":false,"_jetpack_newsletter_tier_id":0,"_jetpack_memberships_contains_paywalled_content":false,"_jetpack_memberships_contains_paid_content":false,"footnotes":"","jetpack_publicize_message":"","jetpack_publicize_feature_enabled":true,"jetpack_social_post_already_shared":true,"jetpack_social_options":{"image_generator_settings":{"template":"highway","enabled":false},"version":2}},"categories":[20],"tags":[],"class_list":["post-2927","post","type-post","status-publish","format-standard","has-post-thumbnail","hentry","category-mundo"],"jetpack_publicize_connections":[],"jetpack_featured_media_url":"https:\/\/i0.wp.com\/infolanus.com\/wp-content\/uploads\/2022\/08\/anthony-fauci-dejara-de-ser-el-principal-asesor-medico-de-eeuu.jpg?fit=1200%2C675&ssl=1","jetpack_sharing_enabled":true,"jetpack_shortlink":"https:\/\/wp.me\/p9QtMr-Ld","_links":{"self":[{"href":"https:\/\/infolanus.com\/index.php\/wp-json\/wp\/v2\/posts\/2927","targetHints":{"allow":["GET"]}}],"collection":[{"href":"https:\/\/infolanus.com\/index.php\/wp-json\/wp\/v2\/posts"}],"about":[{"href":"https:\/\/infolanus.com\/index.php\/wp-json\/wp\/v2\/types\/post"}],"author":[{"embeddable":true,"href":"https:\/\/infolanus.com\/index.php\/wp-json\/wp\/v2\/users\/2"}],"replies":[{"embeddable":true,"href":"https:\/\/infolanus.com\/index.php\/wp-json\/wp\/v2\/comments?post=2927"}],"version-history":[{"count":0,"href":"https:\/\/infolanus.com\/index.php\/wp-json\/wp\/v2\/posts\/2927\/revisions"}],"wp:featuredmedia":[{"embeddable":true,"href":"https:\/\/infolanus.com\/index.php\/wp-json\/wp\/v2\/media\/2928"}],"wp:attachment":[{"href":"https:\/\/infolanus.com\/index.php\/wp-json\/wp\/v2\/media?parent=2927"}],"wp:term":[{"taxonomy":"category","embeddable":true,"href":"https:\/\/infolanus.com\/index.php\/wp-json\/wp\/v2\/categories?post=2927"},{"taxonomy":"post_tag","embeddable":true,"href":"https:\/\/infolanus.com\/index.php\/wp-json\/wp\/v2\/tags?post=2927"}],"curies":[{"name":"wp","href":"https:\/\/api.w.org\/{rel}","templated":true}]}}