{"id":2969,"date":"2022-08-28T17:53:57","date_gmt":"2022-08-28T20:53:57","guid":{"rendered":"https:\/\/www.inforegion.com.ar\/?p=226743"},"modified":"2022-08-28T17:53:57","modified_gmt":"2022-08-28T20:53:57","slug":"lanus-tiene-suma-otra-delegacion-municipal","status":"publish","type":"post","link":"https:\/\/infolanus.com\/index.php\/2022\/08\/28\/lanus-tiene-suma-otra-delegacion-municipal\/","title":{"rendered":"Lan\u00fas tiene suma otra delegaci\u00f3n municipal"},"content":{"rendered":"<div><img data-recalc-dims=\"1\" decoding=\"async\" src=\"https:\/\/i0.wp.com\/www.inforegion.com.ar\/wp-content\/uploads\/2022\/08\/Delegacion-Caraza.jpg?w=640&#038;ssl=1\" class=\"ff-og-image-inserted\"><\/div>\n<p>El municipio de Lan\u00fas sum\u00f3 una nueva sede municipal tras la puesta en marcha de la delegaci\u00f3n Villa Caraza desde donde se busca ofrecer una puerta cercana de acceso a la comuna para realizar tr\u00e1mites y que los vecino puedan recibir asesoramiento. <\/p>\n<p>La sede, est\u00e1 ubicada en la Avenida San Mart\u00edn 3350, y cuenta con un enlace al Centro de Atenci\u00f3n Vecinal para poder realizar tr\u00e1mite como tambi\u00e9n gestionar el arreglo de las calles ubicadas en su zona de influencia y cumplir tareas de recambio de luminarias, poda, raleo y recolecci\u00f3n de \u00e1ridos. <\/p>\n<p>Adem\u00e1s, en la delegaci\u00f3n se efectuar\u00e1 la impresi\u00f3n de boletas vigentes para Tasa de Servicios Generales y Automotores; impresi\u00f3n de multas del Tribunal de Faltas; la asistencia para la solicitud de turnos; y la atenci\u00f3n y asesoramiento en general con tr\u00e1mites no afectados al municipio. <\/p>\n<p>Por el momento la sede no estar\u00e1 habilitada para recibir pagos.<\/p>\n<p>El Municipio tiene previsto que durante el septiembre se inauguren las delegaciones de Lan\u00fas Este, Lan\u00fas Oeste, Escalada Este y Escalada Oeste, completando as\u00ed el plan Proyecci\u00f3n 2022 del abordaje territorial del municipio que prev\u00e9 la puesta en marcha de once delegaciones y subdelegaciones distribuidas en el distrito.<\/p>\n<p>Adem\u00e1s del Jefe de Gabinete local, Dego Kravetz, acompa\u00f1aron la inauguraci\u00f3n el subsecretario de Delegaciones, Facundo Prieto y el delegado de la zona Ariel Voiro.<\/p>\n","protected":false},"excerpt":{"rendered":"<p>El municipio de Lan\u00fas sum\u00f3 una nueva sede municipal tras la puesta en marcha de la delegaci\u00f3n Villa Caraza desde donde se busca ofrecer una puerta cercana de acceso a la comuna para realizar tr\u00e1mites y que los vecino puedan recibir asesoramiento. La sede, est\u00e1 ubicada en la Avenida San Mart\u00edn 3350, y cuenta con [&hellip;]<\/p>\n","protected":false},"author":2,"featured_media":2970,"comment_status":"closed","ping_status":"closed","sticky":false,"template":"","format":"standard","meta":{"jetpack_post_was_ever_published":false,"_jetpack_newsletter_access":"","_jetpack_dont_email_post_to_subs":false,"_jetpack_newsletter_tier_id":0,"_jetpack_memberships_contains_paywalled_content":false,"_jetpack_memberships_contains_paid_content":false,"footnotes":"","jetpack_publicize_message":"","jetpack_publicize_feature_enabled":true,"jetpack_social_post_already_shared":true,"jetpack_social_options":{"image_generator_settings":{"template":"highway","enabled":false},"version":2}},"categories":[19],"tags":[773,1049,774,23,711],"class_list":["post-2969","post","type-post","status-publish","format-standard","has-post-thumbnail","hentry","category-municipio","tag-centrales","tag-delegaciones-municipales","tag-destacadas","tag-lanus","tag-villa-caraza"],"jetpack_publicize_connections":[],"jetpack_featured_media_url":"https:\/\/i0.wp.com\/infolanus.com\/wp-content\/uploads\/2022\/08\/lanus-tiene-suma-otra-delegacion-municipal.jpg?fit=862%2C485&ssl=1","jetpack_sharing_enabled":true,"jetpack_shortlink":"https:\/\/wp.me\/p9QtMr-LT","_links":{"self":[{"href":"https:\/\/infolanus.com\/index.php\/wp-json\/wp\/v2\/posts\/2969","targetHints":{"allow":["GET"]}}],"collection":[{"href":"https:\/\/infolanus.com\/index.php\/wp-json\/wp\/v2\/posts"}],"about":[{"href":"https:\/\/infolanus.com\/index.php\/wp-json\/wp\/v2\/types\/post"}],"author":[{"embeddable":true,"href":"https:\/\/infolanus.com\/index.php\/wp-json\/wp\/v2\/users\/2"}],"replies":[{"embeddable":true,"href":"https:\/\/infolanus.com\/index.php\/wp-json\/wp\/v2\/comments?post=2969"}],"version-history":[{"count":0,"href":"https:\/\/infolanus.com\/index.php\/wp-json\/wp\/v2\/posts\/2969\/revisions"}],"wp:featuredmedia":[{"embeddable":true,"href":"https:\/\/infolanus.com\/index.php\/wp-json\/wp\/v2\/media\/2970"}],"wp:attachment":[{"href":"https:\/\/infolanus.com\/index.php\/wp-json\/wp\/v2\/media?parent=2969"}],"wp:term":[{"taxonomy":"category","embeddable":true,"href":"https:\/\/infolanus.com\/index.php\/wp-json\/wp\/v2\/categories?post=2969"},{"taxonomy":"post_tag","embeddable":true,"href":"https:\/\/infolanus.com\/index.php\/wp-json\/wp\/v2\/tags?post=2969"}],"curies":[{"name":"wp","href":"https:\/\/api.w.org\/{rel}","templated":true}]}}