{"id":2994,"date":"2022-09-01T21:20:11","date_gmt":"2022-09-02T00:20:11","guid":{"rendered":"https:\/\/www.inforegion.com.ar\/?p=227203"},"modified":"2022-09-01T21:20:11","modified_gmt":"2022-09-02T00:20:11","slug":"detuvieron-a-un-policia-acusado-de-matar-a-golpes-a-un-jubilado-en-lanus","status":"publish","type":"post","link":"https:\/\/infolanus.com\/index.php\/2022\/09\/01\/detuvieron-a-un-policia-acusado-de-matar-a-golpes-a-un-jubilado-en-lanus\/","title":{"rendered":"Detuvieron a un polic\u00eda acusado de matar a golpes a un jubilado en Lan\u00fas"},"content":{"rendered":"<div><img data-recalc-dims=\"1\" decoding=\"async\" src=\"https:\/\/i0.wp.com\/www.inforegion.com.ar\/wp-content\/uploads\/2022\/02\/patrullero-e1662077453205.jpg?w=640&#038;ssl=1\" class=\"ff-og-image-inserted\"><\/div>\n<p>Un oficial de la Polic\u00eda de la Ciudad de Buenos Aires fue detenido <strong>acusado de matar a golpes en la cabeza a un hombre de 73 a\u00f1os <\/strong>en la localidad lanusense de Villa Caraza en el marco de una pelea entre la v\u00edctima y el efectivo.<\/p>\n<p>Si bien el suceso trascendi\u00f3 hoy, tuvo lugar el martes de la semana pasada en <strong>Canad\u00e1 al 4000, Villa Caraza, <\/strong>en en jurisdicci\u00f3n de la comisar\u00eda 9.<\/p>\n<p>La v\u00edctima fue identificada por la Justicia como <strong>Juan Carlos Chaves <\/strong>y a\u00fan se investigan los motivos que causaron la pelea en al que el jubilado sufri\u00f3 golpes en su cabeza que motivaron su descompensaci\u00f3n por lo que fue trasladado a un hospital cercano donde, finalmente, falleci\u00f3.<\/p>\n<p>Calificado inicialmente como lesiones en ri\u00f1a, en el hecho <strong>intervino el fiscal Gast\u00f3n Fern\u00e1ndez<\/strong>, a cargo de la Unidad Funcional de Instrucci\u00f3n 7 de Avellaneda-Lan\u00fas, la car\u00e1tula pas\u00f3 a homicidio cuando ayer el nieto de Chaves se present\u00f3 en la comisar\u00eda para comunicar que su abuelo hab\u00eda fallecido como consecuencia de la golpiza.<\/p>\n<p>En ese nuevo escenario, <strong>personal del Grupo T\u00e1ctico Operativo se lleg\u00f3 al domicilio del polic\u00eda, identificado por la Justicia como Luis Esteban Sayago Ju\u00e1rez <\/strong>de 29 a\u00f1os, para evitar una posible fuga, y se comunic\u00f3 al fiscal Fern\u00e1ndez el fallecimiento de Chaves que dispuso la aprehensi\u00f3n del oficial.<\/p>\n<p>Fue en ese marco cuando Sayago Ju\u00e1rez, sali\u00f3 a la calle junto a su padre a insultar e intentar agredir a los polic\u00edas quienes, finalmente, <strong>los aprehendieron acusado por el homicidio de Chaves y, c\u00f3n \u00e9l, a su padre por atentado y resistencia a la autoridad<\/strong>.<\/p>\n","protected":false},"excerpt":{"rendered":"<p>Un oficial de la Polic\u00eda de la Ciudad de Buenos Aires fue detenido acusado de matar a golpes en la cabeza a un hombre de 73 a\u00f1os en la localidad lanusense de Villa Caraza en el marco de una pelea entre la v\u00edctima y el efectivo. Si bien el suceso trascendi\u00f3 hoy, tuvo lugar el [&hellip;]<\/p>\n","protected":false},"author":2,"featured_media":2995,"comment_status":"closed","ping_status":"closed","sticky":false,"template":"","format":"standard","meta":{"jetpack_post_was_ever_published":false,"_jetpack_newsletter_access":"","_jetpack_dont_email_post_to_subs":false,"_jetpack_newsletter_tier_id":0,"_jetpack_memberships_contains_paywalled_content":false,"_jetpack_memberships_contains_paid_content":false,"footnotes":"","jetpack_publicize_message":"","jetpack_publicize_feature_enabled":true,"jetpack_social_post_already_shared":true,"jetpack_social_options":{"image_generator_settings":{"template":"highway","enabled":false},"version":2}},"categories":[19,547],"tags":[233,773,774,23,1054,822,711],"class_list":["post-2994","post","type-post","status-publish","format-standard","has-post-thumbnail","hentry","category-municipio","category-policiales","tag-asesinato","tag-centrales","tag-destacadas","tag-lanus","tag-policia-de-la-ciudad-de-buenos-aires","tag-policiales","tag-villa-caraza"],"jetpack_publicize_connections":[],"jetpack_featured_media_url":"https:\/\/i0.wp.com\/infolanus.com\/wp-content\/uploads\/2022\/09\/detuvieron-a-un-policia-acusado-de-matar-a-golpes-a-un-jubilado-en-lanus.jpg?fit=1280%2C720&ssl=1","jetpack_sharing_enabled":true,"jetpack_shortlink":"https:\/\/wp.me\/p9QtMr-Mi","_links":{"self":[{"href":"https:\/\/infolanus.com\/index.php\/wp-json\/wp\/v2\/posts\/2994","targetHints":{"allow":["GET"]}}],"collection":[{"href":"https:\/\/infolanus.com\/index.php\/wp-json\/wp\/v2\/posts"}],"about":[{"href":"https:\/\/infolanus.com\/index.php\/wp-json\/wp\/v2\/types\/post"}],"author":[{"embeddable":true,"href":"https:\/\/infolanus.com\/index.php\/wp-json\/wp\/v2\/users\/2"}],"replies":[{"embeddable":true,"href":"https:\/\/infolanus.com\/index.php\/wp-json\/wp\/v2\/comments?post=2994"}],"version-history":[{"count":0,"href":"https:\/\/infolanus.com\/index.php\/wp-json\/wp\/v2\/posts\/2994\/revisions"}],"wp:featuredmedia":[{"embeddable":true,"href":"https:\/\/infolanus.com\/index.php\/wp-json\/wp\/v2\/media\/2995"}],"wp:attachment":[{"href":"https:\/\/infolanus.com\/index.php\/wp-json\/wp\/v2\/media?parent=2994"}],"wp:term":[{"taxonomy":"category","embeddable":true,"href":"https:\/\/infolanus.com\/index.php\/wp-json\/wp\/v2\/categories?post=2994"},{"taxonomy":"post_tag","embeddable":true,"href":"https:\/\/infolanus.com\/index.php\/wp-json\/wp\/v2\/tags?post=2994"}],"curies":[{"name":"wp","href":"https:\/\/api.w.org\/{rel}","templated":true}]}}