{"id":3043,"date":"2022-09-07T16:30:43","date_gmt":"2022-09-07T19:30:43","guid":{"rendered":"https:\/\/www.inforegion.com.ar\/?p=227926"},"modified":"2022-09-07T16:30:43","modified_gmt":"2022-09-07T19:30:43","slug":"lanus-rindio-homenaje-a-la-oficial-julia-valles","status":"publish","type":"post","link":"https:\/\/infolanus.com\/index.php\/2022\/09\/07\/lanus-rindio-homenaje-a-la-oficial-julia-valles\/","title":{"rendered":"Lan\u00fas rindi\u00f3 homenaje a la oficial Julia Valles"},"content":{"rendered":"<p>La garita policial de Villa Caraza, ubicada en Hornos y Catamarca, lugar donde fue <strong>asesinada Julia Valles<\/strong>, fue el escenario donde autoridades comunales y policiales participaron del descubrimiento de la placa en homenaje a la oficial de polic\u00eda local Julia Vall\u00e9s asesinada en cumplimiento del deber.<\/p>\n<p>Tras entonar el Himno Nacional y realizar un minuto de silencio, se descubri\u00f3 y bendijo <strong>una placa conmemorativa <\/strong>en presencia de colegas, amigos y familiares de la polic\u00eda muerta. Participaron del acto el subjefe de la Polic\u00eda bonaerense, comisario mayor general Jorge Figini, el jefe de estaci\u00f3n de Polic\u00eda Departamental de Seguridad Lan\u00fas, comisario Ricardo Quintana<\/p>\n<p>\u201cEste es un momento muy triste para toda la familia del Municipio de Lan\u00fas, porque todos los que hacen referencia a Julia la destacaban por su bondad y hero\u00edsmo\u201d, subray\u00f3 el jefe de Gabinete de la comuna, Diego Kravetz quien agreg\u00f3_ \u201cHoy nos queda <strong>contarle a su peque\u00f1a hija lo fuerte y luchadora que fue su mam\u00e1<\/strong>. Un orgullo para todos nosotros.\u201d<\/p>\n<figure class=\"wp-block-image size-full is-style-default\"><img data-recalc-dims=\"1\" decoding=\"async\" loading=\"lazy\" width=\"640\" height=\"618\" src=\"https:\/\/i0.wp.com\/www.inforegion.com.ar\/wp-content\/uploads\/2022\/09\/Homenaje-a-Valles.jpg?resize=640%2C618&#038;ssl=1\" alt class=\"wp-image-227928\" srcset=\"https:\/\/www.inforegion.com.ar\/wp-content\/uploads\/2022\/09\/Homenaje-a-Valles.jpg 854w, https:\/\/www.inforegion.com.ar\/wp-content\/uploads\/2022\/09\/Homenaje-a-Valles-300x290.jpg 300w, https:\/\/www.inforegion.com.ar\/wp-content\/uploads\/2022\/09\/Homenaje-a-Valles-768x742.jpg 768w, https:\/\/www.inforegion.com.ar\/wp-content\/uploads\/2022\/09\/Homenaje-a-Valles-335x324.jpg 335w\" sizes=\"auto, (max-width: 854px) 100vw, 854px\"><\/figure>\n<p>Por su parte, el jefe de Estaci\u00f3n de la Polic\u00eda de Seguridad Departamental entreg\u00f3 a los familiares el manto correspondiente y un ramo de flores. <\/p>\n<p>Valles <strong>ten\u00eda 30 a\u00f1os y una hija de 2 a\u00f1os y medio <\/strong>cuando, en septiembre de 2020, fue embestida y asesinada por una moto Gilera Smash con dos ocupantes a bordo, quienes no respetaron la voz de \u201calto\u201d al querer esquivar el control policial en la garita del lugar. <\/p>\n<p>A ra\u00edz del hecho, <strong>el conductor fue condenado a 15 a\u00f1os de prisi\u00f3n<\/strong>.<\/p>\n","protected":false},"excerpt":{"rendered":"<p>La garita policial de Villa Caraza, ubicada en Hornos y Catamarca, lugar donde fue asesinada Julia Valles, fue el escenario donde autoridades comunales y policiales participaron del descubrimiento de la placa en homenaje a la oficial de polic\u00eda local Julia Vall\u00e9s asesinada en cumplimiento del deber. Tras entonar el Himno Nacional y realizar un minuto [&hellip;]<\/p>\n","protected":false},"author":2,"featured_media":3044,"comment_status":"closed","ping_status":"closed","sticky":false,"template":"","format":"standard","meta":{"jetpack_post_was_ever_published":false,"_jetpack_newsletter_access":"","_jetpack_dont_email_post_to_subs":false,"_jetpack_newsletter_tier_id":0,"_jetpack_memberships_contains_paywalled_content":false,"_jetpack_memberships_contains_paid_content":false,"footnotes":"","jetpack_publicize_message":"","jetpack_publicize_feature_enabled":true,"jetpack_social_post_already_shared":true,"jetpack_social_options":{"image_generator_settings":{"template":"highway","enabled":false},"version":2}},"categories":[19,547],"tags":[773,774,741,23,822,711],"class_list":["post-3043","post","type-post","status-publish","format-standard","has-post-thumbnail","hentry","category-municipio","category-policiales","tag-centrales","tag-destacadas","tag-homenaje","tag-lanus","tag-policiales","tag-villa-caraza"],"jetpack_publicize_connections":[],"jetpack_featured_media_url":"https:\/\/i0.wp.com\/infolanus.com\/wp-content\/uploads\/2022\/09\/lanus-rindio-homenaje-a-la-oficial-julia-valles.jpg?fit=854%2C825&ssl=1","jetpack_sharing_enabled":true,"jetpack_shortlink":"https:\/\/wp.me\/p9QtMr-N5","_links":{"self":[{"href":"https:\/\/infolanus.com\/index.php\/wp-json\/wp\/v2\/posts\/3043","targetHints":{"allow":["GET"]}}],"collection":[{"href":"https:\/\/infolanus.com\/index.php\/wp-json\/wp\/v2\/posts"}],"about":[{"href":"https:\/\/infolanus.com\/index.php\/wp-json\/wp\/v2\/types\/post"}],"author":[{"embeddable":true,"href":"https:\/\/infolanus.com\/index.php\/wp-json\/wp\/v2\/users\/2"}],"replies":[{"embeddable":true,"href":"https:\/\/infolanus.com\/index.php\/wp-json\/wp\/v2\/comments?post=3043"}],"version-history":[{"count":0,"href":"https:\/\/infolanus.com\/index.php\/wp-json\/wp\/v2\/posts\/3043\/revisions"}],"wp:featuredmedia":[{"embeddable":true,"href":"https:\/\/infolanus.com\/index.php\/wp-json\/wp\/v2\/media\/3044"}],"wp:attachment":[{"href":"https:\/\/infolanus.com\/index.php\/wp-json\/wp\/v2\/media?parent=3043"}],"wp:term":[{"taxonomy":"category","embeddable":true,"href":"https:\/\/infolanus.com\/index.php\/wp-json\/wp\/v2\/categories?post=3043"},{"taxonomy":"post_tag","embeddable":true,"href":"https:\/\/infolanus.com\/index.php\/wp-json\/wp\/v2\/tags?post=3043"}],"curies":[{"name":"wp","href":"https:\/\/api.w.org\/{rel}","templated":true}]}}