{"id":3087,"date":"2022-09-14T16:00:00","date_gmt":"2022-09-14T19:00:00","guid":{"rendered":"https:\/\/www.inforegion.com.ar\/?p=228717"},"modified":"2022-09-14T16:00:00","modified_gmt":"2022-09-14T19:00:00","slug":"lanus-corte-en-hipolito-yrigoyen-frente-al-municipio","status":"publish","type":"post","link":"https:\/\/infolanus.com\/index.php\/2022\/09\/14\/lanus-corte-en-hipolito-yrigoyen-frente-al-municipio\/","title":{"rendered":"Lan\u00fas: corte en Hip\u00f3lito Yrigoyen frente al municipio"},"content":{"rendered":"<div><img data-recalc-dims=\"1\" decoding=\"async\" src=\"https:\/\/i0.wp.com\/www.inforegion.com.ar\/wp-content\/uploads\/2021\/12\/lanus-municipio-e1654549310427.jpg?w=640&#038;ssl=1\" class=\"ff-og-image-inserted\"><\/div>\n<p>La avenida Hip\u00f3lito Yrigoyen, principal v\u00eda de comunicaci\u00f3n entre la ciudad de Buenos Aires y el conurbano sur presenta un <strong>corte en dos de sus tres carriles a la altura del municipio de Lan\u00fas <\/strong>donde medio centenar de manifestantes realizan una protesta contra el intendente N\u00e9stor Grindetti.<\/p>\n<p>Agrupados bajo una bandera con la consigna \u201cEl mejor lugar para la juventud es la pol\u00edtica\u201d, la Federaci\u00f3n de Estudiantes Secundarios de Lan\u00fas (FES) se pregunta <strong>\u201cGrindetti, qu\u00e9 hac\u00e9s con el presupuesto para educaci\u00f3n\u201d, <\/strong>aunque la ense\u00f1anza media es de jurisdicci\u00f3n provincial.<\/p>\n<p>La manifestaci\u00f3n provoc\u00f3 <strong>demoras en el tr\u00e1nsito<\/strong>, obstaculizado por los secundarios que se aglutinaron frente a los portones de acceso al palacio municipal que estaban cerrados mientras media docena de polic\u00edas custodiaban las instalaciones.<\/p>\n<blockquote class=\"instagram-media\" data-instgrm-captioned data-instgrm-permalink=\"https:\/\/www.instagram.com\/reel\/CibTIWUuNXv\/?utm_source=ig_embed&amp;utm_campaign=loading\" data-instgrm-version=\"14\"><\/blockquote>\n","protected":false},"excerpt":{"rendered":"<p>La avenida Hip\u00f3lito Yrigoyen, principal v\u00eda de comunicaci\u00f3n entre la ciudad de Buenos Aires y el conurbano sur presenta un corte en dos de sus tres carriles a la altura del municipio de Lan\u00fas donde medio centenar de manifestantes realizan una protesta contra el intendente N\u00e9stor Grindetti. Agrupados bajo una bandera con la consigna \u201cEl [&hellip;]<\/p>\n","protected":false},"author":2,"featured_media":3088,"comment_status":"closed","ping_status":"closed","sticky":false,"template":"","format":"standard","meta":{"jetpack_post_was_ever_published":false,"_jetpack_newsletter_access":"","_jetpack_dont_email_post_to_subs":false,"_jetpack_newsletter_tier_id":0,"_jetpack_memberships_contains_paywalled_content":false,"_jetpack_memberships_contains_paid_content":false,"footnotes":"","jetpack_publicize_message":"","jetpack_publicize_feature_enabled":true,"jetpack_social_post_already_shared":true,"jetpack_social_options":{"image_generator_settings":{"template":"highway","enabled":false},"version":2}},"categories":[19],"tags":[442,773,1073,774,1074,23,764,74],"class_list":["post-3087","post","type-post","status-publish","format-standard","has-post-thumbnail","hentry","category-municipio","tag-avenida-hipolito-yrigoyen","tag-centrales","tag-corte","tag-destacadas","tag-federacion-de-estudiantes-secundarios","tag-lanus","tag-municipio-de-lanus","tag-transito"],"jetpack_publicize_connections":[],"jetpack_featured_media_url":"https:\/\/i0.wp.com\/infolanus.com\/wp-content\/uploads\/2022\/09\/lanus-corte-en-hipolito-yrigoyen-frente-al-municipio.jpg?fit=1134%2C720&ssl=1","jetpack_sharing_enabled":true,"jetpack_shortlink":"https:\/\/wp.me\/p9QtMr-NN","_links":{"self":[{"href":"https:\/\/infolanus.com\/index.php\/wp-json\/wp\/v2\/posts\/3087","targetHints":{"allow":["GET"]}}],"collection":[{"href":"https:\/\/infolanus.com\/index.php\/wp-json\/wp\/v2\/posts"}],"about":[{"href":"https:\/\/infolanus.com\/index.php\/wp-json\/wp\/v2\/types\/post"}],"author":[{"embeddable":true,"href":"https:\/\/infolanus.com\/index.php\/wp-json\/wp\/v2\/users\/2"}],"replies":[{"embeddable":true,"href":"https:\/\/infolanus.com\/index.php\/wp-json\/wp\/v2\/comments?post=3087"}],"version-history":[{"count":0,"href":"https:\/\/infolanus.com\/index.php\/wp-json\/wp\/v2\/posts\/3087\/revisions"}],"wp:featuredmedia":[{"embeddable":true,"href":"https:\/\/infolanus.com\/index.php\/wp-json\/wp\/v2\/media\/3088"}],"wp:attachment":[{"href":"https:\/\/infolanus.com\/index.php\/wp-json\/wp\/v2\/media?parent=3087"}],"wp:term":[{"taxonomy":"category","embeddable":true,"href":"https:\/\/infolanus.com\/index.php\/wp-json\/wp\/v2\/categories?post=3087"},{"taxonomy":"post_tag","embeddable":true,"href":"https:\/\/infolanus.com\/index.php\/wp-json\/wp\/v2\/tags?post=3087"}],"curies":[{"name":"wp","href":"https:\/\/api.w.org\/{rel}","templated":true}]}}