{"id":3224,"date":"2022-10-05T17:57:12","date_gmt":"2022-10-05T20:57:12","guid":{"rendered":"http:\/\/infolanus.com\/index.php\/2022\/10\/05\/el-dt-de-croacia-hizo-una-peregrinacion-de-120-km-a-pie-para-pedir-por-la-copa-del-mundo\/"},"modified":"2022-10-05T17:57:12","modified_gmt":"2022-10-05T20:57:12","slug":"el-dt-de-croacia-hizo-una-peregrinacion-de-120-km-a-pie-para-pedir-por-la-copa-del-mundo","status":"publish","type":"post","link":"https:\/\/infolanus.com\/index.php\/2022\/10\/05\/el-dt-de-croacia-hizo-una-peregrinacion-de-120-km-a-pie-para-pedir-por-la-copa-del-mundo\/","title":{"rendered":"El DT de Croacia hizo una peregrinaci\u00f3n de 120 km a pie para pedir por la Copa del Mundo"},"content":{"rendered":"<div class=\"media_block\"><\/div>\n<div><img data-recalc-dims=\"1\" decoding=\"async\" src=\"https:\/\/i0.wp.com\/fotos.perfil.com\/2022\/10\/05\/trim\/1140\/641\/zlatko-dalic-1431752.jpg?w=640&#038;ssl=1\" class=\"ff-og-image-inserted\"><\/div>\n<p>&#8220;Tres d\u00edas &#8211; 120 km. \u00a1Gracias, Madre de Dios, por toda tu bendici\u00f3n! \u00a1En ti, Se\u00f1or, tengo confianza!&#8221;, escribi\u00f3 en Instagram<strong> Zlatko Dalic<\/strong>, director t\u00e9cnico de la<strong> Selecci\u00f3n de <a target=\"_blank\" href=\"https:\/\/442.perfil.com\/noticias\/futbol\/2019-10-26-683004-insolito-croacia-festejaron-gol-que-no-fue-y-perdieron.phtml\">Croacia<\/a> <\/strong>para anunciar su llegada al al santuario de Medjugorje, en su Bosnia-Herzegovina natal.&nbsp;<\/p>\n<p>Con una reputaci\u00f3n de ser muy creyente,<strong> Dalic inici\u00f3 su peregrinaje el domingo en su ciudad natal <\/strong>en compa\u00f1\u00eda de tres amigos, <strong>llegando el martes por la noche al lugar que atrae cada a\u00f1o a centenares de miles de cat\u00f3licos<\/strong> del mundo entero, seg\u00fan los medios de comunicaci\u00f3n locales.<\/p>\n<p>En el camino, <strong>se detuvo en varias ocasiones para hablar con la gente y posar para fotos<\/strong>. Esta regi\u00f3n de Bosnia-Herzegovina est\u00e1 poblada en gran parte por croatas bosnios que son generalmente grandes aficionados de la selecci\u00f3n croata de f\u00fatbol.<\/p>\n<p>En Qatar, <strong>Croacia integrar\u00e1&nbsp;en el Grupo F<\/strong>, donde se enfrentar\u00e1 a<strong> Canad\u00e1, Marruecos y B\u00e9lgica<\/strong>. Adem\u00e1s, Croacia se clasific\u00f3 en septiembre para la final a cuatro de la Liga de Naciones que disputar\u00e1 en junio de 2023 contra Italia, Pa\u00edses Bajos y Espa\u00f1a.<\/p>\n","protected":false},"excerpt":{"rendered":"<p>&#8220;Tres d\u00edas &#8211; 120 km. \u00a1Gracias, Madre de Dios, por toda tu bendici\u00f3n! \u00a1En ti, Se\u00f1or, tengo confianza!&#8221;, escribi\u00f3 en Instagram Zlatko Dalic, director t\u00e9cnico de la Selecci\u00f3n de Croacia para anunciar su llegada al al santuario de Medjugorje, en su Bosnia-Herzegovina natal.&nbsp; Con una reputaci\u00f3n de ser muy creyente, Dalic inici\u00f3 su peregrinaje el [&hellip;]<\/p>\n","protected":false},"author":2,"featured_media":3225,"comment_status":"closed","ping_status":"closed","sticky":false,"template":"","format":"standard","meta":{"jetpack_post_was_ever_published":false,"_jetpack_newsletter_access":"","_jetpack_dont_email_post_to_subs":false,"_jetpack_newsletter_tier_id":0,"_jetpack_memberships_contains_paywalled_content":false,"_jetpack_memberships_contains_paid_content":false,"footnotes":"","jetpack_publicize_message":"","jetpack_publicize_feature_enabled":true,"jetpack_social_post_already_shared":true,"jetpack_social_options":{"image_generator_settings":{"template":"highway","enabled":false},"version":2}},"categories":[17],"tags":[],"class_list":["post-3224","post","type-post","status-publish","format-standard","has-post-thumbnail","hentry","category-deportes"],"jetpack_publicize_connections":[],"jetpack_featured_media_url":"https:\/\/i0.wp.com\/infolanus.com\/wp-content\/uploads\/2022\/10\/el-dt-de-croacia-hizo-una-peregrinacion-de-120-km-a-pie-para-pedir-por-la-copa-del-mundo.jpg?fit=1140%2C641&ssl=1","jetpack_sharing_enabled":true,"jetpack_shortlink":"https:\/\/wp.me\/p9QtMr-Q0","_links":{"self":[{"href":"https:\/\/infolanus.com\/index.php\/wp-json\/wp\/v2\/posts\/3224","targetHints":{"allow":["GET"]}}],"collection":[{"href":"https:\/\/infolanus.com\/index.php\/wp-json\/wp\/v2\/posts"}],"about":[{"href":"https:\/\/infolanus.com\/index.php\/wp-json\/wp\/v2\/types\/post"}],"author":[{"embeddable":true,"href":"https:\/\/infolanus.com\/index.php\/wp-json\/wp\/v2\/users\/2"}],"replies":[{"embeddable":true,"href":"https:\/\/infolanus.com\/index.php\/wp-json\/wp\/v2\/comments?post=3224"}],"version-history":[{"count":0,"href":"https:\/\/infolanus.com\/index.php\/wp-json\/wp\/v2\/posts\/3224\/revisions"}],"wp:featuredmedia":[{"embeddable":true,"href":"https:\/\/infolanus.com\/index.php\/wp-json\/wp\/v2\/media\/3225"}],"wp:attachment":[{"href":"https:\/\/infolanus.com\/index.php\/wp-json\/wp\/v2\/media?parent=3224"}],"wp:term":[{"taxonomy":"category","embeddable":true,"href":"https:\/\/infolanus.com\/index.php\/wp-json\/wp\/v2\/categories?post=3224"},{"taxonomy":"post_tag","embeddable":true,"href":"https:\/\/infolanus.com\/index.php\/wp-json\/wp\/v2\/tags?post=3224"}],"curies":[{"name":"wp","href":"https:\/\/api.w.org\/{rel}","templated":true}]}}