{"id":3344,"date":"2022-10-21T13:41:46","date_gmt":"2022-10-21T16:41:46","guid":{"rendered":"http:\/\/infolanus.com\/?p=3344"},"modified":"2022-10-21T13:41:46","modified_gmt":"2022-10-21T16:41:46","slug":"un-precandidato-a-intendente-de-lanus-diserto-en-la-cumbre-mundial-de-comunicacion-politica","status":"publish","type":"post","link":"https:\/\/infolanus.com\/index.php\/2022\/10\/21\/un-precandidato-a-intendente-de-lanus-diserto-en-la-cumbre-mundial-de-comunicacion-politica\/","title":{"rendered":"Un precandidato a intendente de Lan\u00fas disert\u00f3 en la Cumbre Mundial de Comunicaci\u00f3n Pol\u00edtica"},"content":{"rendered":"<p>Nacho Moroni, el j\u00f3ven dirigente de 27 a\u00f1os del partido Tercera Posici\u00f3n que lidera la diputada nacional Graciela Cama\u00f1o, present\u00f3 su disertaci\u00f3n titulada &#8220;Fui candidato, te cuento mi experiencia&#8221;<\/p>\n<p>La cita fue en la Universidad Cat\u00f3lica Argentina -donde se est\u00e1 celebrando el evento- y especialmente en el auditorio III, donde Nacho logr\u00f3 colmarlo de espectadores junto a m\u00e1s de 2.000 personas que tambi\u00e9n lo vieron v\u00eda streaming.<\/p>\n<p>Tambi\u00e9n disertaron personalidades pol\u00edticas como Maria Eugenia Vidal, Cristian Ritondo, Rafael Correa (ex presidente de Ecuador), Monica Litza, Jos\u00e9 Luis Espert, entre otros.<\/p>\n<p><img data-recalc-dims=\"1\" loading=\"lazy\" decoding=\"async\" data-attachment-id=\"3346\" data-permalink=\"https:\/\/infolanus.com\/index.php\/2022\/10\/21\/un-precandidato-a-intendente-de-lanus-diserto-en-la-cumbre-mundial-de-comunicacion-politica\/uca\/\" data-orig-file=\"https:\/\/i0.wp.com\/infolanus.com\/wp-content\/uploads\/2022\/10\/UCA.jpeg?fit=700%2C525&amp;ssl=1\" data-orig-size=\"700,525\" data-comments-opened=\"1\" data-image-meta=\"{&quot;aperture&quot;:&quot;0&quot;,&quot;credit&quot;:&quot;&quot;,&quot;camera&quot;:&quot;&quot;,&quot;caption&quot;:&quot;&quot;,&quot;created_timestamp&quot;:&quot;0&quot;,&quot;copyright&quot;:&quot;&quot;,&quot;focal_length&quot;:&quot;0&quot;,&quot;iso&quot;:&quot;0&quot;,&quot;shutter_speed&quot;:&quot;0&quot;,&quot;title&quot;:&quot;&quot;,&quot;orientation&quot;:&quot;1&quot;}\" data-image-title=\"UCA\" data-image-description=\"\" data-image-caption=\"\" data-medium-file=\"https:\/\/i0.wp.com\/infolanus.com\/wp-content\/uploads\/2022\/10\/UCA.jpeg?fit=300%2C225&amp;ssl=1\" data-large-file=\"https:\/\/i0.wp.com\/infolanus.com\/wp-content\/uploads\/2022\/10\/UCA.jpeg?fit=640%2C480&amp;ssl=1\" src=\"https:\/\/i0.wp.com\/infolanus.com\/wp-content\/uploads\/2022\/10\/UCA.jpeg?resize=640%2C480\" alt=\"\" width=\"640\" height=\"480\" class=\"alignnone size-full wp-image-3346\" srcset=\"https:\/\/i0.wp.com\/infolanus.com\/wp-content\/uploads\/2022\/10\/UCA.jpeg?w=700&amp;ssl=1 700w, https:\/\/i0.wp.com\/infolanus.com\/wp-content\/uploads\/2022\/10\/UCA.jpeg?resize=300%2C225&amp;ssl=1 300w, https:\/\/i0.wp.com\/infolanus.com\/wp-content\/uploads\/2022\/10\/UCA.jpeg?resize=80%2C60&amp;ssl=1 80w, https:\/\/i0.wp.com\/infolanus.com\/wp-content\/uploads\/2022\/10\/UCA.jpeg?resize=265%2C198&amp;ssl=1 265w, https:\/\/i0.wp.com\/infolanus.com\/wp-content\/uploads\/2022\/10\/UCA.jpeg?resize=696%2C522&amp;ssl=1 696w, https:\/\/i0.wp.com\/infolanus.com\/wp-content\/uploads\/2022\/10\/UCA.jpeg?resize=560%2C420&amp;ssl=1 560w\" sizes=\"auto, (max-width: 640px) 100vw, 640px\" \/><\/p>\n<p>La Cumbre de Comunicaci\u00f3n Pol\u00edtica es un evento que congrega pol\u00edticos, periodistas, funcionarios, legisladores, acad\u00e9micos, profesionales, consultores, empresas, medios de comunicaci\u00f3n y estudiantes de todas partes del mundo.<\/p>\n<p>Profesionales, acad\u00e9micos y especialistas debaten acerca de las tendencias y las herramientas m\u00e1s importantes de la comunicaci\u00f3n pol\u00edtica en nuestro tiempo, otorgando su aporte a los distintos escenarios de an\u00e1lisis, dentro de los seis grandes temas donde la Cumbre hace foco: Campa\u00f1as Electorales | Pol\u00edtica y Nuevas Tecnolog\u00edas | Comunicaci\u00f3n Gubernamental | Medios y Opini\u00f3n P\u00fablica | Mujer y Pol\u00edtica | Jovenes y Pol\u00edtica.<\/p>\n","protected":false},"excerpt":{"rendered":"<p>Nacho Moroni, el j\u00f3ven dirigente de 27 a\u00f1os del partido Tercera Posici\u00f3n que lidera la diputada nacional Graciela Cama\u00f1o, present\u00f3 su disertaci\u00f3n titulada &#8220;Fui candidato, te cuento mi experiencia&#8221; La cita fue en la Universidad Cat\u00f3lica Argentina -donde se est\u00e1 celebrando el evento- y especialmente en el auditorio III, donde Nacho logr\u00f3 colmarlo de espectadores [&hellip;]<\/p>\n","protected":false},"author":2,"featured_media":3345,"comment_status":"open","ping_status":"open","sticky":false,"template":"","format":"standard","meta":{"jetpack_post_was_ever_published":false,"_jetpack_newsletter_access":"","_jetpack_dont_email_post_to_subs":false,"_jetpack_newsletter_tier_id":0,"_jetpack_memberships_contains_paywalled_content":false,"_jetpack_memberships_contains_paid_content":false,"footnotes":"","jetpack_publicize_message":"","jetpack_publicize_feature_enabled":true,"jetpack_social_post_already_shared":true,"jetpack_social_options":{"image_generator_settings":{"template":"highway","enabled":false},"version":2}},"categories":[16],"tags":[753],"class_list":["post-3344","post","type-post","status-publish","format-standard","has-post-thumbnail","hentry","category-politica","tag-nacho-moroni"],"jetpack_publicize_connections":[],"jetpack_featured_media_url":"https:\/\/i0.wp.com\/infolanus.com\/wp-content\/uploads\/2022\/10\/Nacho-Moroni.jpg?fit=700%2C506&ssl=1","jetpack_sharing_enabled":false,"jetpack_shortlink":"https:\/\/wp.me\/p9QtMr-RW","_links":{"self":[{"href":"https:\/\/infolanus.com\/index.php\/wp-json\/wp\/v2\/posts\/3344","targetHints":{"allow":["GET"]}}],"collection":[{"href":"https:\/\/infolanus.com\/index.php\/wp-json\/wp\/v2\/posts"}],"about":[{"href":"https:\/\/infolanus.com\/index.php\/wp-json\/wp\/v2\/types\/post"}],"author":[{"embeddable":true,"href":"https:\/\/infolanus.com\/index.php\/wp-json\/wp\/v2\/users\/2"}],"replies":[{"embeddable":true,"href":"https:\/\/infolanus.com\/index.php\/wp-json\/wp\/v2\/comments?post=3344"}],"version-history":[{"count":1,"href":"https:\/\/infolanus.com\/index.php\/wp-json\/wp\/v2\/posts\/3344\/revisions"}],"predecessor-version":[{"id":3347,"href":"https:\/\/infolanus.com\/index.php\/wp-json\/wp\/v2\/posts\/3344\/revisions\/3347"}],"wp:featuredmedia":[{"embeddable":true,"href":"https:\/\/infolanus.com\/index.php\/wp-json\/wp\/v2\/media\/3345"}],"wp:attachment":[{"href":"https:\/\/infolanus.com\/index.php\/wp-json\/wp\/v2\/media?parent=3344"}],"wp:term":[{"taxonomy":"category","embeddable":true,"href":"https:\/\/infolanus.com\/index.php\/wp-json\/wp\/v2\/categories?post=3344"},{"taxonomy":"post_tag","embeddable":true,"href":"https:\/\/infolanus.com\/index.php\/wp-json\/wp\/v2\/tags?post=3344"}],"curies":[{"name":"wp","href":"https:\/\/api.w.org\/{rel}","templated":true}]}}