{"id":3514,"date":"2022-11-08T13:00:00","date_gmt":"2022-11-08T16:00:00","guid":{"rendered":"https:\/\/www.inforegion.com.ar\/?p=238749"},"modified":"2022-11-08T13:00:00","modified_gmt":"2022-11-08T16:00:00","slug":"lanus-el-lider-de-la-barra-de-racing-fue-detenido-por-amenazar-a-un-policia","status":"publish","type":"post","link":"https:\/\/infolanus.com\/index.php\/2022\/11\/08\/lanus-el-lider-de-la-barra-de-racing-fue-detenido-por-amenazar-a-un-policia\/","title":{"rendered":"Lan\u00fas: el l\u00edder de la barra de Racing fue detenido por amenazar a un polic\u00eda"},"content":{"rendered":"<p><strong>El l\u00edder de la barra de Racing fue detenido hoy<\/strong> con un arma de fuego, m\u00e1s de dos millones de pesos y 7.000 d\u00f3lares, y tras amenazar a un polic\u00eda, durante uno de los allanamientos que se realizaban en el marco de la causa por el enfrentamiento con heridos que en mayo pasado hubo entre hinchas del club de Avellaneda y del colombiano Deportivo Cali en la estaci\u00f3n ferroviaria de Gerli por el robo de una bandera.<\/p>\n<p><strong>La detenci\u00f3n de <a href=\"https:\/\/www.inforegion.com.ar\/2022\/08\/18\/detuvieron-en-lanus-a-los-lideres-de-la-barra-de-racing\/\">Leandro Emanuel Paredes<\/a> (32), alias \u201cLeo\u201d y actual jefe de la denominada \u201cGuardia Imperial\u201d, fue concretada por efectivos de la comisar\u00eda 5ta. de Avellaneda en un domicilio ubicado en un edificio de la calle 29 de Septiembre al 3900 del partido de Lan\u00fas<\/strong>, en uno de los tres allanamientos que orden\u00f3 la Justicia para ubicarlo.<\/p>\n<figure class=\"wp-block-image size-large\"><img data-recalc-dims=\"1\" decoding=\"async\" loading=\"lazy\" width=\"640\" height=\"360\" src=\"https:\/\/i0.wp.com\/www.inforegion.com.ar\/wp-content\/uploads\/2022\/11\/barraracing2-1024x576.jpg?resize=640%2C360&#038;ssl=1\" alt=\"Lan\u00fas: el l\u00edder de la barra de Racing fue detenido por amenazar a un polic\u00eda\" class=\"wp-image-238763\" srcset=\"https:\/\/www.inforegion.com.ar\/wp-content\/uploads\/2022\/11\/barraracing2-1024x576.jpg 1024w, https:\/\/www.inforegion.com.ar\/wp-content\/uploads\/2022\/11\/barraracing2-300x169.jpg 300w, https:\/\/www.inforegion.com.ar\/wp-content\/uploads\/2022\/11\/barraracing2-768x432.jpg 768w, https:\/\/www.inforegion.com.ar\/wp-content\/uploads\/2022\/11\/barraracing2-320x180.jpg 320w, https:\/\/www.inforegion.com.ar\/wp-content\/uploads\/2022\/11\/barraracing2-480x270.jpg 480w, https:\/\/www.inforegion.com.ar\/wp-content\/uploads\/2022\/11\/barraracing2-800x450.jpg 800w, https:\/\/www.inforegion.com.ar\/wp-content\/uploads\/2022\/11\/barraracing2-150x84.jpg 150w, https:\/\/www.inforegion.com.ar\/wp-content\/uploads\/2022\/11\/barraracing2-335x188.jpg 335w, https:\/\/www.inforegion.com.ar\/wp-content\/uploads\/2022\/11\/barraracing2-700x394.jpg 700w, https:\/\/www.inforegion.com.ar\/wp-content\/uploads\/2022\/11\/barraracing2-1080x608.jpg 1080w, https:\/\/www.inforegion.com.ar\/wp-content\/uploads\/2022\/11\/barraracing2.jpg 1200w\" sizes=\"auto, (max-width: 1024px) 100vw, 1024px\" title=\"Lan\u00fas: el l\u00edder de la barra de Racing fue detenido por amenazar a un polic\u00eda 10\"><\/figure>\n<p>La causa original que motiv\u00f3 el procedimiento fue la emboscada con heridos y apu\u00f1alados que hubo el 25 de mayo pasado cuando barrabravas de Racing interceptaron a simpatizantes del club Deportivo Cali en una formaci\u00f3n del tren Roca en la estaci\u00f3n de Gerli, como represalia a que unos d\u00edas antes los colombianos hab\u00edan robado del Cilindro de Avellaneda una bandera de la barra local, con la leyenda de \u201cBurzaco\u201d, y la exhibieron como un trofeo por redes sociales.<\/p>\n<p>El allanamiento no inclu\u00eda originalmente una orden de detenci\u00f3n, pero durante el procedimiento <strong>\u201cLeo\u201d Paredes amenaz\u00f3 a uno de los polic\u00edas y adem\u00e1s se le encontr\u00f3 un arma de fuego<\/strong>: un rev\u00f3lver calibre 38 special sin marca ni numeraci\u00f3n, con cuatro vainas sevidas y un proyectil intacto en el tambor.<\/p>\n<p><iframe loading=\"lazy\" width=\"1000\" height=\"450\" src=\"https:\/\/www.youtube.com\/embed\/B1nX8lqmUY4\" title=\"Allanamiento y detenci\u00f3n del jefe de la barra de Racing\" frameborder=\"0\" allow=\"accelerometer; autoplay; clipboard-write; encrypted-media; gyroscope; picture-in-picture\" allowfullscreen>[embedded content]<\/iframe> <\/p>\n<p>Por esas dos razones, la fiscal de la causa, Mariela Ver\u00f3nica Montero, de la Unidad Funcional de Instrucci\u00f3n (UFI) 4 de Avellaneda, orden\u00f3 la aprehensi\u00f3n del sindicado barrabrava a quien dej\u00f3 imputado por \u201ctenencia ilegal de arma de guerra y amenazas hacia personal policial\u201d, delitos por los que ser\u00e1 indagado en las pr\u00f3ximas horas.<\/p>\n<p>Adem\u00e1s del arma de fuego, <strong>la Polic\u00eda secuestr\u00f3 en el departamento allanado 2.253.000 pesos, 7.050 d\u00f3lares y nueve tel\u00e9fonos celulares<\/strong>.<\/p>\n<figure class=\"wp-block-image size-large\"><img data-recalc-dims=\"1\" decoding=\"async\" loading=\"lazy\" width=\"640\" height=\"360\" src=\"https:\/\/i0.wp.com\/www.inforegion.com.ar\/wp-content\/uploads\/2022\/11\/barraracing3-1024x576.jpg?resize=640%2C360&#038;ssl=1\" alt=\"Lan\u00fas: el l\u00edder de la barra de Racing fue detenido por amenazar a un polic\u00eda\" class=\"wp-image-238762\" srcset=\"https:\/\/www.inforegion.com.ar\/wp-content\/uploads\/2022\/11\/barraracing3-1024x576.jpg 1024w, https:\/\/www.inforegion.com.ar\/wp-content\/uploads\/2022\/11\/barraracing3-300x169.jpg 300w, https:\/\/www.inforegion.com.ar\/wp-content\/uploads\/2022\/11\/barraracing3-768x432.jpg 768w, https:\/\/www.inforegion.com.ar\/wp-content\/uploads\/2022\/11\/barraracing3-320x180.jpg 320w, https:\/\/www.inforegion.com.ar\/wp-content\/uploads\/2022\/11\/barraracing3-480x270.jpg 480w, https:\/\/www.inforegion.com.ar\/wp-content\/uploads\/2022\/11\/barraracing3-800x450.jpg 800w, https:\/\/www.inforegion.com.ar\/wp-content\/uploads\/2022\/11\/barraracing3-150x84.jpg 150w, https:\/\/www.inforegion.com.ar\/wp-content\/uploads\/2022\/11\/barraracing3-335x188.jpg 335w, https:\/\/www.inforegion.com.ar\/wp-content\/uploads\/2022\/11\/barraracing3-700x394.jpg 700w, https:\/\/www.inforegion.com.ar\/wp-content\/uploads\/2022\/11\/barraracing3-1080x608.jpg 1080w, https:\/\/www.inforegion.com.ar\/wp-content\/uploads\/2022\/11\/barraracing3.jpg 1200w\" sizes=\"auto, (max-width: 1024px) 100vw, 1024px\" title=\"Lan\u00fas: el l\u00edder de la barra de Racing fue detenido por amenazar a un polic\u00eda 11\"><\/figure>\n<p>Tambi\u00e9n le encontraron y qued\u00f3 incautada una <strong>camiseta <\/strong>del club Deportivo Cali, que se presume le fue robada a alguno de los hinchas con los que se enfrentaron en mayo en el tren.<\/p>\n<figure class=\"wp-block-embed aligncenter is-type-wp-embed is-provider-inforegion wp-block-embed-inforegion\"><\/figure>\n","protected":false},"excerpt":{"rendered":"<p>El l\u00edder de la barra de Racing fue detenido hoy con un arma de fuego, m\u00e1s de dos millones de pesos y 7.000 d\u00f3lares, y tras amenazar a un polic\u00eda, durante uno de los allanamientos que se realizaban en el marco de la causa por el enfrentamiento con heridos que en mayo pasado hubo entre [&hellip;]<\/p>\n","protected":false},"author":2,"featured_media":3515,"comment_status":"closed","ping_status":"closed","sticky":false,"template":"","format":"standard","meta":{"jetpack_post_was_ever_published":false,"_jetpack_newsletter_access":"","_jetpack_dont_email_post_to_subs":false,"_jetpack_newsletter_tier_id":0,"_jetpack_memberships_contains_paywalled_content":false,"_jetpack_memberships_contains_paid_content":false,"footnotes":"","jetpack_publicize_message":"","jetpack_publicize_feature_enabled":true,"jetpack_social_post_already_shared":true,"jetpack_social_options":{"image_generator_settings":{"template":"highway","enabled":false},"version":2}},"categories":[19,547],"tags":[194,1188,773,774,23,822,307],"class_list":["post-3514","post","type-post","status-publish","format-standard","has-post-thumbnail","hentry","category-municipio","category-policiales","tag-allanamiento","tag-barrabrava","tag-centrales","tag-destacadas","tag-lanus","tag-policiales","tag-racing"],"jetpack_publicize_connections":[],"jetpack_featured_media_url":"https:\/\/i0.wp.com\/infolanus.com\/wp-content\/uploads\/2022\/11\/lanus-el-lider-de-la-barra-de-racing-fue-detenido-por-amenazar-a-un-policia.jpg?fit=1024%2C576&ssl=1","jetpack_sharing_enabled":true,"jetpack_shortlink":"https:\/\/wp.me\/p9QtMr-UG","_links":{"self":[{"href":"https:\/\/infolanus.com\/index.php\/wp-json\/wp\/v2\/posts\/3514","targetHints":{"allow":["GET"]}}],"collection":[{"href":"https:\/\/infolanus.com\/index.php\/wp-json\/wp\/v2\/posts"}],"about":[{"href":"https:\/\/infolanus.com\/index.php\/wp-json\/wp\/v2\/types\/post"}],"author":[{"embeddable":true,"href":"https:\/\/infolanus.com\/index.php\/wp-json\/wp\/v2\/users\/2"}],"replies":[{"embeddable":true,"href":"https:\/\/infolanus.com\/index.php\/wp-json\/wp\/v2\/comments?post=3514"}],"version-history":[{"count":0,"href":"https:\/\/infolanus.com\/index.php\/wp-json\/wp\/v2\/posts\/3514\/revisions"}],"wp:featuredmedia":[{"embeddable":true,"href":"https:\/\/infolanus.com\/index.php\/wp-json\/wp\/v2\/media\/3515"}],"wp:attachment":[{"href":"https:\/\/infolanus.com\/index.php\/wp-json\/wp\/v2\/media?parent=3514"}],"wp:term":[{"taxonomy":"category","embeddable":true,"href":"https:\/\/infolanus.com\/index.php\/wp-json\/wp\/v2\/categories?post=3514"},{"taxonomy":"post_tag","embeddable":true,"href":"https:\/\/infolanus.com\/index.php\/wp-json\/wp\/v2\/tags?post=3514"}],"curies":[{"name":"wp","href":"https:\/\/api.w.org\/{rel}","templated":true}]}}