{"id":3539,"date":"2022-11-17T08:44:14","date_gmt":"2022-11-17T11:44:14","guid":{"rendered":"https:\/\/www.ambito.com\/mundo\/principe\/el-guillermo-aclaro-quien-va-alentar-el-mundial-y-desperto-la-polemica-n5585770"},"modified":"2022-11-17T08:44:14","modified_gmt":"2022-11-17T11:44:14","slug":"el-principe-guillermo-aclaro-por-quien-va-a-alentar-en-el-mundial-y-desperto-la-polemica","status":"publish","type":"post","link":"https:\/\/infolanus.com\/index.php\/2022\/11\/17\/el-principe-guillermo-aclaro-por-quien-va-a-alentar-en-el-mundial-y-desperto-la-polemica\/","title":{"rendered":"El pr\u00edncipe Guillermo aclar\u00f3 por qui\u00e9n va a alentar en el Mundial y despert\u00f3 la pol\u00e9mica"},"content":{"rendered":"<div><img data-recalc-dims=\"1\" decoding=\"async\" src=\"https:\/\/i0.wp.com\/media.ambito.com\/p\/c96d3402cc50535b993a408456cbd183\/adjuntos\/239\/imagenes\/040\/295\/0040295294\/principe-guillermo_e6f874b0_1280x720jpg.jpg?w=640&#038;ssl=1\" class=\"ff-og-image-inserted\"><\/div>\n<p>\u201cPor supuesto que puede animar a quien lo desea y <strong>como presidente de la Federaci\u00f3n Inglesa de F\u00fatbol (FA) es entendible que vaya a conocer a los jugadores, pero debe seguramente darse cuenta de que lucir a la vez el t\u00edtulo de Pr\u00edncipe de Gales es totalmente inapropiado<\/strong>. <strong>\u00bfNi una pizca de verg\u00fcenza? \u00bfO sensibilidad ante el problema?\u201d<\/strong>, se indign\u00f3 en Twitter el actor gal\u00e9s <strong>Michael Sheen<\/strong>, en un tuit en el que respondi\u00f3 a un video de la selecci\u00f3n inglesa en el que el pr\u00edncipe entreg\u00f3 a los jugadores sus n\u00fameros de camisetas.<\/p>\n<p><strong>\u201cApoyo a Inglaterra desde que soy muy joven, pero apoyo a Gales en el rugby y es mi forma de hacer las cosas. Cuando era chico, Gales no llegaba a los torneos, pero los apoyar\u00e9 durante todo el proceso<\/strong>&#8230;\u201d, respondi\u00f3 el mi\u00e9rcoles Guillermo. \u201cDigo a todo el mundo que apoyo a los dos [equipos]\u201d.<\/p>\n<p>\u201cDebo prestar atenci\u00f3n a mis afinidades porque temo que si dejo de apoyar s\u00fabitamente a Inglaterra para apoyar a Gales, tampoco sea correcto para el deporte. Por ello no puedo hacer eso\u201d, se defendi\u00f3 Guillermo, tal como aporta La Naci\u00f3n.<\/p>\n<p>\u201cPodemos estar de acuerdo en nuestro desacuerdo\u201d, respondi\u00f3 simplemente <strong>Elin Jones, presidenta del parlamento gal\u00e9s con quien el pr\u00edncipe visitaba el parlamento.<\/strong><\/p>\n<p>La selecci\u00f3n de Gales, que en <strong>Qatar <\/strong>disputar\u00e1 la segunda <strong>Copa del Mundo <\/strong>de su historia despu\u00e9s de la celebrada en Suecia en 1985, se enfrentar\u00e1 en el grupo B a la de Inglaterra, semifinalista en el <strong>Mundial de Rusia de 2018.<\/strong><\/p>\n","protected":false},"excerpt":{"rendered":"<p>\u201cPor supuesto que puede animar a quien lo desea y como presidente de la Federaci\u00f3n Inglesa de F\u00fatbol (FA) es entendible que vaya a conocer a los jugadores, pero debe seguramente darse cuenta de que lucir a la vez el t\u00edtulo de Pr\u00edncipe de Gales es totalmente inapropiado. \u00bfNi una pizca de verg\u00fcenza? \u00bfO sensibilidad [&hellip;]<\/p>\n","protected":false},"author":2,"featured_media":3540,"comment_status":"closed","ping_status":"closed","sticky":false,"template":"","format":"standard","meta":{"jetpack_post_was_ever_published":false,"_jetpack_newsletter_access":"","_jetpack_dont_email_post_to_subs":false,"_jetpack_newsletter_tier_id":0,"_jetpack_memberships_contains_paywalled_content":false,"_jetpack_memberships_contains_paid_content":false,"footnotes":"","jetpack_publicize_message":"","jetpack_publicize_feature_enabled":true,"jetpack_social_post_already_shared":true,"jetpack_social_options":{"image_generator_settings":{"template":"highway","enabled":false},"version":2}},"categories":[20],"tags":[],"class_list":["post-3539","post","type-post","status-publish","format-standard","has-post-thumbnail","hentry","category-mundo"],"jetpack_publicize_connections":[],"jetpack_featured_media_url":"https:\/\/i0.wp.com\/infolanus.com\/wp-content\/uploads\/2022\/11\/el-principe-guillermo-aclaro-por-quien-va-a-alentar-en-el-mundial-y-desperto-la-polemica.jpg?fit=1200%2C675&ssl=1","jetpack_sharing_enabled":true,"jetpack_shortlink":"https:\/\/wp.me\/p9QtMr-V5","_links":{"self":[{"href":"https:\/\/infolanus.com\/index.php\/wp-json\/wp\/v2\/posts\/3539","targetHints":{"allow":["GET"]}}],"collection":[{"href":"https:\/\/infolanus.com\/index.php\/wp-json\/wp\/v2\/posts"}],"about":[{"href":"https:\/\/infolanus.com\/index.php\/wp-json\/wp\/v2\/types\/post"}],"author":[{"embeddable":true,"href":"https:\/\/infolanus.com\/index.php\/wp-json\/wp\/v2\/users\/2"}],"replies":[{"embeddable":true,"href":"https:\/\/infolanus.com\/index.php\/wp-json\/wp\/v2\/comments?post=3539"}],"version-history":[{"count":0,"href":"https:\/\/infolanus.com\/index.php\/wp-json\/wp\/v2\/posts\/3539\/revisions"}],"wp:featuredmedia":[{"embeddable":true,"href":"https:\/\/infolanus.com\/index.php\/wp-json\/wp\/v2\/media\/3540"}],"wp:attachment":[{"href":"https:\/\/infolanus.com\/index.php\/wp-json\/wp\/v2\/media?parent=3539"}],"wp:term":[{"taxonomy":"category","embeddable":true,"href":"https:\/\/infolanus.com\/index.php\/wp-json\/wp\/v2\/categories?post=3539"},{"taxonomy":"post_tag","embeddable":true,"href":"https:\/\/infolanus.com\/index.php\/wp-json\/wp\/v2\/tags?post=3539"}],"curies":[{"name":"wp","href":"https:\/\/api.w.org\/{rel}","templated":true}]}}