{"id":3547,"date":"2022-11-18T10:47:03","date_gmt":"2022-11-18T13:47:03","guid":{"rendered":"https:\/\/www.inforegion.com.ar\/?p=241145"},"modified":"2022-11-18T10:47:03","modified_gmt":"2022-11-18T13:47:03","slug":"punto-verde-movil-en-lanus-la-agenda-semanal","status":"publish","type":"post","link":"https:\/\/infolanus.com\/index.php\/2022\/11\/18\/punto-verde-movil-en-lanus-la-agenda-semanal\/","title":{"rendered":"Punto Verde M\u00f3vil en Lan\u00fas: la agenda semanal"},"content":{"rendered":"<p>En Lan\u00fas, la semana que viene <strong>vuelve el Punto Verde M\u00f3vil donde los vecinos podr\u00e1n acercarse a dejar sus residuos limpios y secos<\/strong>. \u00bfD\u00f3nde estar\u00e1n?<\/p>\n<p>Organizadas por la Direcci\u00f3n de Ambiente Sustentable de la comuna, estas jornadas se realizar\u00e1n de<strong>l martes 22 al viernes 25 de noviembre, de 9 a 17&nbsp;<\/strong>y buscan que los vecinos cuenten con lugares apropiados para residuos tales como, cartones, vidrios (no deben estar rotos), pl\u00e1sticos, metales y papeles secos que deben presentarse limpios y previamente clasificados.<\/p>\n<p>Los puntos verdes m\u00f3viles son atendidos por trabajadores agrupados en las cooperativas Fuerza Popular Este, Fuerza Popular Oeste y Cart\u00f3n y Justicia quienes, a su vez,&nbsp;<strong>se encargan de separarlos en los centros de selecci\u00f3n y de venderlos a industrias&nbsp;<\/strong>que los emplean como materia prima.<\/p>\n<h2>EL CRONOGRAMA<\/h2>\n<p>\u2022 <strong>Martes 22 y mi\u00e9rcoles 23:<\/strong> Plaza L. Alem (Domingo Purita, Ramon Cabrero, Condarco y Corvalan, Monte Chingolo).<\/p>\n<p>\u2022 <strong>Jueves 24 y viernes 25:<\/strong> Plaza Sarmiento (Av 9 de julio, Ferre, Guidi, Ituzaing\u00f3, Lan\u00fas Este).<\/p>\n<figure class=\"wp-block-image size-large\"><img data-recalc-dims=\"1\" decoding=\"async\" loading=\"lazy\" width=\"640\" height=\"640\" src=\"https:\/\/i0.wp.com\/www.inforegion.com.ar\/wp-content\/uploads\/2022\/11\/punto-verde-movil-1024x1024.jpg?resize=640%2C640&#038;ssl=1\" alt=\"Punto Verde M\u00f3vil \" class=\"wp-image-241150\" srcset=\"https:\/\/www.inforegion.com.ar\/wp-content\/uploads\/2022\/11\/punto-verde-movil-1024x1024.jpg 1024w, https:\/\/www.inforegion.com.ar\/wp-content\/uploads\/2022\/11\/punto-verde-movil-300x300.jpg 300w, https:\/\/www.inforegion.com.ar\/wp-content\/uploads\/2022\/11\/punto-verde-movil-150x150.jpg 150w, https:\/\/www.inforegion.com.ar\/wp-content\/uploads\/2022\/11\/punto-verde-movil-768x768.jpg 768w, https:\/\/www.inforegion.com.ar\/wp-content\/uploads\/2022\/11\/punto-verde-movil-320x320.jpg 320w, https:\/\/www.inforegion.com.ar\/wp-content\/uploads\/2022\/11\/punto-verde-movil-480x480.jpg 480w, https:\/\/www.inforegion.com.ar\/wp-content\/uploads\/2022\/11\/punto-verde-movil-800x800.jpg 800w, https:\/\/www.inforegion.com.ar\/wp-content\/uploads\/2022\/11\/punto-verde-movil-70x70.jpg 70w, https:\/\/www.inforegion.com.ar\/wp-content\/uploads\/2022\/11\/punto-verde-movil-335x335.jpg 335w, https:\/\/www.inforegion.com.ar\/wp-content\/uploads\/2022\/11\/punto-verde-movil-360x360.jpg 360w, https:\/\/www.inforegion.com.ar\/wp-content\/uploads\/2022\/11\/punto-verde-movil-96x96.jpg 96w, https:\/\/www.inforegion.com.ar\/wp-content\/uploads\/2022\/11\/punto-verde-movil.jpg 1080w\" sizes=\"auto, (max-width: 1024px) 100vw, 1024px\" title=\"Punto Verde M\u00f3vil en Lan\u00fas: la agenda semanal 10\"><\/figure>\n","protected":false},"excerpt":{"rendered":"<p>En Lan\u00fas, la semana que viene vuelve el Punto Verde M\u00f3vil donde los vecinos podr\u00e1n acercarse a dejar sus residuos limpios y secos. \u00bfD\u00f3nde estar\u00e1n? Organizadas por la Direcci\u00f3n de Ambiente Sustentable de la comuna, estas jornadas se realizar\u00e1n del martes 22 al viernes 25 de noviembre, de 9 a 17&nbsp;y buscan que los vecinos [&hellip;]<\/p>\n","protected":false},"author":2,"featured_media":3548,"comment_status":"closed","ping_status":"closed","sticky":false,"template":"","format":"standard","meta":{"jetpack_post_was_ever_published":false,"_jetpack_newsletter_access":"","_jetpack_dont_email_post_to_subs":false,"_jetpack_newsletter_tier_id":0,"_jetpack_memberships_contains_paywalled_content":false,"_jetpack_memberships_contains_paid_content":false,"footnotes":"","jetpack_publicize_message":"","jetpack_publicize_feature_enabled":true,"jetpack_social_post_already_shared":true,"jetpack_social_options":{"image_generator_settings":{"template":"highway","enabled":false},"version":2}},"categories":[19],"tags":[773,774,23,988,1021,1195],"class_list":["post-3547","post","type-post","status-publish","format-standard","has-post-thumbnail","hentry","category-municipio","tag-centrales","tag-destacadas","tag-lanus","tag-medio-ambiente","tag-punto-verde-movil","tag-reciclaje"],"jetpack_publicize_connections":[],"jetpack_featured_media_url":"https:\/\/i0.wp.com\/infolanus.com\/wp-content\/uploads\/2022\/11\/punto-verde-movil-en-lanus-la-agenda-semanal.jpg?fit=1024%2C1024&ssl=1","jetpack_sharing_enabled":true,"jetpack_shortlink":"https:\/\/wp.me\/p9QtMr-Vd","_links":{"self":[{"href":"https:\/\/infolanus.com\/index.php\/wp-json\/wp\/v2\/posts\/3547","targetHints":{"allow":["GET"]}}],"collection":[{"href":"https:\/\/infolanus.com\/index.php\/wp-json\/wp\/v2\/posts"}],"about":[{"href":"https:\/\/infolanus.com\/index.php\/wp-json\/wp\/v2\/types\/post"}],"author":[{"embeddable":true,"href":"https:\/\/infolanus.com\/index.php\/wp-json\/wp\/v2\/users\/2"}],"replies":[{"embeddable":true,"href":"https:\/\/infolanus.com\/index.php\/wp-json\/wp\/v2\/comments?post=3547"}],"version-history":[{"count":0,"href":"https:\/\/infolanus.com\/index.php\/wp-json\/wp\/v2\/posts\/3547\/revisions"}],"wp:featuredmedia":[{"embeddable":true,"href":"https:\/\/infolanus.com\/index.php\/wp-json\/wp\/v2\/media\/3548"}],"wp:attachment":[{"href":"https:\/\/infolanus.com\/index.php\/wp-json\/wp\/v2\/media?parent=3547"}],"wp:term":[{"taxonomy":"category","embeddable":true,"href":"https:\/\/infolanus.com\/index.php\/wp-json\/wp\/v2\/categories?post=3547"},{"taxonomy":"post_tag","embeddable":true,"href":"https:\/\/infolanus.com\/index.php\/wp-json\/wp\/v2\/tags?post=3547"}],"curies":[{"name":"wp","href":"https:\/\/api.w.org\/{rel}","templated":true}]}}