{"id":3807,"date":"2022-12-24T16:13:00","date_gmt":"2022-12-24T19:13:00","guid":{"rendered":"https:\/\/www.ambito.com\/mundo\/once-detenidos-paris-la-marcha-el-ataque-racista-al-centro-kurdo-n5614904"},"modified":"2022-12-24T16:13:00","modified_gmt":"2022-12-24T19:13:00","slug":"once-detenidos-en-paris-durante-la-marcha-por-el-ataque-racista-al-centro-kurdo","status":"publish","type":"post","link":"https:\/\/infolanus.com\/index.php\/2022\/12\/24\/once-detenidos-en-paris-durante-la-marcha-por-el-ataque-racista-al-centro-kurdo\/","title":{"rendered":"Once detenidos en Par\u00eds durante la marcha por el ataque racista al centro kurdo"},"content":{"rendered":"<div><img data-recalc-dims=\"1\" decoding=\"async\" src=\"https:\/\/i0.wp.com\/media.ambito.com\/p\/3416d81911de13c27dcbc51584093008\/adjuntos\/239\/imagenes\/040\/380\/0040380650\/1200x675\/smart\/tiroteo-en-parisjpg.jpg?w=640&#038;ssl=1\" class=\"ff-og-image-inserted\"><\/div>\n<p>Durante el homenaje, la multitud guard\u00f3 un minuto de silencio por los tres fallecidos y por los que &#8220;murieron por la libertad&#8221;.<\/p>\n<p>&#8220;Lo que sentimos es dolor y desconfianza, porque no es la primera vez que esto ocurre&#8221;, declar\u00f3 Esra, una estudiante de 23 a\u00f1os.<\/p>\n<p>Pero poco despu\u00e9s la situaci\u00f3n se tens\u00f3 y algunos de los manifestantes comenzaron a quemar veh\u00edculos y contenedores de basura, adem\u00e1s de tirar objetos contra la polic\u00eda que respondi\u00f3 disparando gases lacrim\u00f3genos.<\/p>\n<p>&#8220;Hubo provocadores que pasaron en un veh\u00edculo con la bandera turca e hicieron el signo de los Lobos Grises, as\u00ed que eso provoc\u00f3 a los j\u00f3venes&#8221;, declar\u00f3 al canal BFMTV el vocero del Consejo Democr\u00e1tico Kurdo en Francia (CDK-F), Berivan Firat, en referencia a la organizaci\u00f3n de extrema derecha nacionalista turca.<\/p>\n<p>En total, 11 personas fueron arrestadas y 31 agentes policiales resultaron heridos, inform\u00f3 el prefecto de la la polic\u00eda parisina, Laurent N\u00fa\u00f1ez.<\/p>\n<p>En Marsella, sur del pa\u00eds, tambi\u00e9n se llev\u00f3 a cabo una marcha similar, a la que asistieron cientos de personas.<\/p>\n<p>El sospechoso, que logr\u00f3 ser controlado por los transe\u00fantes que pasaban por el lugar antes de que intervinieran las fuerzas de seguridad, fue arrestado con &#8220;un malet\u00edn&#8221; con &#8220;dos o tres cargadores llenos, una caja de cartuchos de calibre 45 con al menos 25 cartuchos dentro&#8221;, precis\u00f3 hoy una fuente del caso.<\/p>\n<p>El detenido, un conductor de tren jubilado de nacionalidad francesa, atribuy\u00f3 el ataque a los tiros a que era &#8220;racista&#8221;, dijo esa misma persona pr\u00f3xima al caso, citada por la agencia de noticias AFP.<\/p>\n<p>La polic\u00eda investigar\u00e1 al individuo por asesinato, intento de asesinato, violencia con arma e infracciones de la legislaci\u00f3n con armas de car\u00e1cter racista, una &#8220;circunstancia (que) no modifica la pena m\u00e1xima&#8221; a la que se expone el sospechoso, &#8220;que sigue siendo la cadena perpetua&#8221;, precis\u00f3 la fiscal\u00eda.<\/p>\n<p>El hecho tuvo lugar en la calle d&#8217;Enghien, en el centro de la capital francesa, en inmediaciones de la organizaci\u00f3n cultural kurda Ahmet Kaya.<\/p>\n<p>Los disparos causaron p\u00e1nico poco antes del mediod\u00eda franc\u00e9s de ayer entre los residentes del barrio, una zona de gran movimiento, conocida como &#8220;la petite Turquie&#8221; (la peque\u00f1a Turqu\u00eda), con tiendas, restaurantes y bares.<\/p>\n<p>El ataque gener\u00f3 conmoci\u00f3n entre la comunidad kurda local en la v\u00edspera del noveno aniversario del asesinato de tres activistas kurdas en el mismo barrio parisino y deriv\u00f3 en una manifestaci\u00f3n espont\u00e1nea, que termin\u00f3 en enfrentamientos con la Polic\u00eda.<\/p>\n<p>La mujer asesinada fue identificada como Emine Kara, responsable del Movimiento de las Mujeres kurdas en Francia, seg\u00fan el CDK-F. Hab\u00eda solicitado asilo pol\u00edtico, pero le fue denegado, indic\u00f3 la misma organizaci\u00f3n.<\/p>\n<p>Los dos hombres muertos son Abdulrahman Kizil, &#8220;un ciudadano kurdo ordinario&#8221; que frecuentaba la asociaci\u00f3n &#8220;a diario&#8221;, y Mir Perwer, un artista kurdo, refugiado pol\u00edtico, que est\u00e1 &#8220;perseguido en Turqu\u00eda por su arte&#8221;, indic\u00f3 el CDK-F.<\/p>\n<p>El presidente franc\u00e9s, Emmanuel Macron, denunci\u00f3 un &#8220;odioso ataque&#8221; contra &#8220;los kurdos de Francia&#8221; y, a pedido suyo, el prefecto de polic\u00eda de Par\u00eds y el ministro de Justicia, \u00c9ric Dupond-Moretti, recibieron este s\u00e1bado a representantes de la comunidad kurda.<\/p>\n<p>&#8220;Francia est\u00e1 en duelo&#8221;, se\u00f1al\u00f3 Dupond-Moretti, quien manifest\u00f3 su inter\u00e9s en reunirse con la delegaci\u00f3n kurda para &#8220;garantizarles nuestro apoyo sin fisuras&#8221;, seg\u00fan consign\u00f3 el canal CNews.<\/p>\n<p>El funcionario se refiri\u00f3 al ataque como un &#8220;crimen racista&#8221; por su naturaleza &#8220;odiosa&#8221; y lo diferenci\u00f3 de un &#8220;acto terrorista&#8221;, que explic\u00f3 responde a la adhesi\u00f3n o no a una &#8220;ideolog\u00eda pol\u00edtica reivindicada&#8221;.<\/p>\n<p>De momento, la pista terrorista ha sido descartada, pero el ministro dijo que todo depender\u00e1 de c\u00f3mo evolucione la investigaci\u00f3n.<\/p>\n<p>El presunto autor de los disparos fue detenido poco despu\u00e9s de la tragedia y puesto bajo custodia policial.<\/p>\n<p>El agresor &#8220;quer\u00eda atacar a extranjeros&#8221; y &#8220;a todas luces actu\u00f3 solo&#8221;, dijo ayer el ministro del Interior franc\u00e9s, G\u00e9rald Darmanin, quien se\u00f1al\u00f3 que adem\u00e1s frecuentaba un campo de tiro.<\/p>\n<p>Ligeramente herido en la cara durante su arresto, ya hab\u00eda sido condenado en junio a 12 meses de prisi\u00f3n por actos de violencia con armas cometidos en 2016, sentencia que apel\u00f3.<\/p>\n<p>Tambi\u00e9n fue imputado en diciembre de 2021 por violencia con armas, con premeditaci\u00f3n y de car\u00e1cter racista, y da\u00f1os a la propiedad por hechos cometidos el 8 de diciembre de 2021.<\/p>\n<p>En este segundo caso, es sospechoso de haber herido con un sable a migrantes de un campamento parisino y de haber rasgado sus tiendas de campa\u00f1a, relat\u00f3 en ese momento una fuente policial.<\/p>\n<p>Tras un a\u00f1o en prisi\u00f3n preventiva, sali\u00f3 en libertad el 12 de diciembre y fue puesto bajo control judicial, seg\u00fan la fiscal de Par\u00eds.<\/p>\n<p>En 2017, el hombre fue condenado a seis meses de prisi\u00f3n condicional por posesi\u00f3n prohibida de armas.<\/p>\n<p>El padre del atacante, de 90 a\u00f1os, lo describi\u00f3 como un hombre &#8220;tranquilo&#8221;, &#8220;realmente retra\u00eddo&#8221; y afirm\u00f3 que en la ma\u00f1ana de los hechos &#8220;no dijo nada al salir&#8221;.<\/p>\n<p>&#8220;Mi hijo es un loco (&#8230;) Estuvo preso durante un a\u00f1o, su madre intentaba ponerlo de nuevo tras las rejas&#8221;, dijo al canal M6.<\/p>\n","protected":false},"excerpt":{"rendered":"<p>Durante el homenaje, la multitud guard\u00f3 un minuto de silencio por los tres fallecidos y por los que &#8220;murieron por la libertad&#8221;. &#8220;Lo que sentimos es dolor y desconfianza, porque no es la primera vez que esto ocurre&#8221;, declar\u00f3 Esra, una estudiante de 23 a\u00f1os. Pero poco despu\u00e9s la situaci\u00f3n se tens\u00f3 y algunos de [&hellip;]<\/p>\n","protected":false},"author":2,"featured_media":3808,"comment_status":"closed","ping_status":"closed","sticky":false,"template":"","format":"standard","meta":{"jetpack_post_was_ever_published":false,"_jetpack_newsletter_access":"","_jetpack_dont_email_post_to_subs":false,"_jetpack_newsletter_tier_id":0,"_jetpack_memberships_contains_paywalled_content":false,"_jetpack_memberships_contains_paid_content":false,"footnotes":"","jetpack_publicize_message":"","jetpack_publicize_feature_enabled":true,"jetpack_social_post_already_shared":true,"jetpack_social_options":{"image_generator_settings":{"template":"highway","enabled":false},"version":2}},"categories":[20],"tags":[],"class_list":["post-3807","post","type-post","status-publish","format-standard","has-post-thumbnail","hentry","category-mundo"],"jetpack_publicize_connections":[],"jetpack_featured_media_url":"https:\/\/i0.wp.com\/infolanus.com\/wp-content\/uploads\/2022\/12\/once-detenidos-en-paris-durante-la-marcha-por-el-ataque-racista-al-centro-kurdo.jpg?fit=1200%2C675&ssl=1","jetpack_sharing_enabled":true,"jetpack_shortlink":"https:\/\/wp.me\/p9QtMr-Zp","_links":{"self":[{"href":"https:\/\/infolanus.com\/index.php\/wp-json\/wp\/v2\/posts\/3807","targetHints":{"allow":["GET"]}}],"collection":[{"href":"https:\/\/infolanus.com\/index.php\/wp-json\/wp\/v2\/posts"}],"about":[{"href":"https:\/\/infolanus.com\/index.php\/wp-json\/wp\/v2\/types\/post"}],"author":[{"embeddable":true,"href":"https:\/\/infolanus.com\/index.php\/wp-json\/wp\/v2\/users\/2"}],"replies":[{"embeddable":true,"href":"https:\/\/infolanus.com\/index.php\/wp-json\/wp\/v2\/comments?post=3807"}],"version-history":[{"count":0,"href":"https:\/\/infolanus.com\/index.php\/wp-json\/wp\/v2\/posts\/3807\/revisions"}],"wp:featuredmedia":[{"embeddable":true,"href":"https:\/\/infolanus.com\/index.php\/wp-json\/wp\/v2\/media\/3808"}],"wp:attachment":[{"href":"https:\/\/infolanus.com\/index.php\/wp-json\/wp\/v2\/media?parent=3807"}],"wp:term":[{"taxonomy":"category","embeddable":true,"href":"https:\/\/infolanus.com\/index.php\/wp-json\/wp\/v2\/categories?post=3807"},{"taxonomy":"post_tag","embeddable":true,"href":"https:\/\/infolanus.com\/index.php\/wp-json\/wp\/v2\/tags?post=3807"}],"curies":[{"name":"wp","href":"https:\/\/api.w.org\/{rel}","templated":true}]}}