{"id":3829,"date":"2022-12-28T00:01:00","date_gmt":"2022-12-28T03:01:00","guid":{"rendered":"https:\/\/www.ambito.com\/moderada-n5616811"},"modified":"2022-12-28T00:01:00","modified_gmt":"2022-12-28T03:01:00","slug":"la-desestabilizacion-de-la-ultraderecha-es-el-mayor-desafio-del-regreso-de-lula","status":"publish","type":"post","link":"https:\/\/infolanus.com\/index.php\/2022\/12\/28\/la-desestabilizacion-de-la-ultraderecha-es-el-mayor-desafio-del-regreso-de-lula\/","title":{"rendered":"La desestabilizaci\u00f3n de la ultraderecha es el mayor desaf\u00edo del regreso de Lula"},"content":{"rendered":"<div><img data-recalc-dims=\"1\" decoding=\"async\" src=\"https:\/\/i0.wp.com\/media.ambito.com\/p\/3d6aa73d397bada376ee7d9c9f22dcca\/adjuntos\/239\/imagenes\/040\/388\/0040388049\/1200x675\/smart\/falak-2022-12-22t17323_optjpeg.jpeg?w=640&#038;ssl=1\" class=\"ff-og-image-inserted\"><\/div>\n<p>Bolsonaro deja un pa\u00eds diezmado, que regres\u00f3 al mapa del hambre de la ONU, que mostr\u00f3 que el 28,9% de la poblaci\u00f3n del pa\u00eds de 213 millones de habitantes padece \u201cinseguridad alimentaria moderada o severa\u201d, con ciudades donde contrastan las carpas montadas por familias sin techo, que remiten a im\u00e1genes de los campos de refugiados, con las viviendas de la clase alta.<\/p>\n<p>Esos sectores privilegiados fueron en gran parte los que adhirieron al discurso de odio y alentaron el cese de las pol\u00edticas p\u00fablicas implementadas por Michel Temer tras la ca\u00edda de Dilma Rousseff, en 2016.<\/p>\n<p>Ese proceso fue profundizado por Bolsonaro y su ministro de Econom\u00eda, el ultraliberal Paulo Guedes, admirador del dictador chileno Augusto Pinochet.<\/p>\n<h2>Populismo de derecha<\/h2>\n<p>La victoria de Lula da Silva cobra relevancia dado que durante la campa\u00f1a Bolsonaro liber\u00f3 7.000 millones de d\u00f3lares para distribuir entre la poblaci\u00f3n m\u00e1s pobre, as\u00ed como camioneros y taxistas, y de que gran parte del electorado lulista cl\u00e1sico adhiriera al mandatario saliente y a sus alianzas con el evangelismo neopentecostal, una fortaleza de la ultraderecha.<\/p>\n<p>El l\u00edder del Partido de los Trabajadores (PT) logr\u00f3 conformar para la segunda vuelta un frente amplio con sectores de la derecha no bolsonarista, con el cual deber\u00e1 convivir los pr\u00f3ximos cuatro a\u00f1os, en un equilibrio dificultoso con un Congreso m\u00e1s corrido a la derecha y que tiene sed negociadora para acceder a parte de la agenda del Poder Ejecutivo.<\/p>\n<p>Este a\u00f1o signific\u00f3 a su vez la exhibici\u00f3n de las garras del extremismo de derecha, calificado en muchos casos de terrorismo, desconociendo el resultado de las elecciones, cortando rutas y poblando el frente de los cuarteles para pedir un golpe militar que elimine a la Corte Suprema, anule las elecciones y mantenga a Bolsonaro en el poder.<\/p>\n<p>En ning\u00fan momento Bolsonaro pidi\u00f3 a sus seguidores deponer la actitud, al contrario, apenas habl\u00f3 una vez despu\u00e9s de las elecciones para justificar la ira de esos movimientos y se recluy\u00f3 durante 40 d\u00edas en el Palacio de la Alvorada con su c\u00edrculo m\u00e1s \u00edntimo, que filtraba que estaba triste incluso con la actitud de varios de sus aliados, que comenzaron a negociar con Lula en el Congreso.<\/p>\n<p>Este movimiento \u2013que puede ser considerado como una semilla imitadora del efecto Capitolio de los seguidores de Donald Trump en Estados Unidos\u2013 puede traerle problemas judiciales graves a Bolsonaro, que ya no tendr\u00e1 fueros.<\/p>\n<h2>Enemigo<\/h2>\n<p>Su posible verdugo es nada menos que Alexandre de Mor\u00e3es, el juez del Supremo Tribunal Federal que desde 2021 lo investiga a \u00e9l y a sus seguidores \u2013muchos de los cuales est\u00e1n con tobillera electr\u00f3nica\u2013 por diseminar noticias falsas y usar las redes sociales y resortes del Estado para trabajar contra las instituciones.<\/p>\n<p>Mor\u00e3es es tambi\u00e9n el juez de la corte electoral que descart\u00f3 las denuncias de fraude contra las urnas electr\u00f3nicas hechas por el Partido Liberal de Bolsonaro, la primera fuerza del Congreso. Por esto, Mor\u00e3es, designado en la corte por Temer, es el principal enemigo de los bolsonaristas que acudieron a manifestarse en las puertas de los cuarteles.<\/p>\n<h2>Amenaza<\/h2>\n<p>Los arsenales adquiridos legalmente por muchos bolsonaristas -empresarios medianos y grandes, vinculados a la log\u00edstica y al agronegocio- gracias a la flexibilizaci\u00f3n de las leyes sobre armas de fuego, son un cap\u00edtulo con el cual deber\u00e1 convivir el gobierno de Lula da Silva.<\/p>\n<p>Tres electores de Lula fueron asesinados por bolsonaristas durante este per\u00edodo, a la vez que se multiplicaron los ataques y homicidios de l\u00edderes sociales, ambientales y sindicales.<\/p>\n<p>\u201cLegado perverso\u201d, fue la calificaci\u00f3n que us\u00f3 el exsindicalista y extornero mec\u00e1nico, que estuvo 580 d\u00edas preso y fue condenado por corrupci\u00f3n ilegalmente por parte de la Operaci\u00f3n Lava Jato, que lo proscribi\u00f3 en 2018, sobre el estado en el que recibir\u00e1 Brasil.<\/p>\n<p>El bolsonarismo, como dijo Lula, va a sobrevivir a Bolsonaro, aunque ahora en la oposici\u00f3n se ha subido el mercado financiero, que est\u00e1 batallando a trav\u00e9s de las p\u00e1ginas de los principales diarios para lanzar nombres para el gabinete.<\/p>\n","protected":false},"excerpt":{"rendered":"<p>Bolsonaro deja un pa\u00eds diezmado, que regres\u00f3 al mapa del hambre de la ONU, que mostr\u00f3 que el 28,9% de la poblaci\u00f3n del pa\u00eds de 213 millones de habitantes padece \u201cinseguridad alimentaria moderada o severa\u201d, con ciudades donde contrastan las carpas montadas por familias sin techo, que remiten a im\u00e1genes de los campos de refugiados, [&hellip;]<\/p>\n","protected":false},"author":2,"featured_media":3830,"comment_status":"closed","ping_status":"closed","sticky":false,"template":"","format":"standard","meta":{"jetpack_post_was_ever_published":false,"_jetpack_newsletter_access":"","_jetpack_dont_email_post_to_subs":false,"_jetpack_newsletter_tier_id":0,"_jetpack_memberships_contains_paywalled_content":false,"_jetpack_memberships_contains_paid_content":false,"footnotes":"","jetpack_publicize_message":"","jetpack_publicize_feature_enabled":true,"jetpack_social_post_already_shared":true,"jetpack_social_options":{"image_generator_settings":{"template":"highway","enabled":false},"version":2}},"categories":[20],"tags":[],"class_list":["post-3829","post","type-post","status-publish","format-standard","has-post-thumbnail","hentry","category-mundo"],"jetpack_publicize_connections":[],"jetpack_featured_media_url":"https:\/\/i0.wp.com\/infolanus.com\/wp-content\/uploads\/2022\/12\/la-desestabilizacion-de-la-ultraderecha-es-el-mayor-desafio-del-regreso-de-lula.jpg?fit=1200%2C675&ssl=1","jetpack_sharing_enabled":true,"jetpack_shortlink":"https:\/\/wp.me\/p9QtMr-ZL","_links":{"self":[{"href":"https:\/\/infolanus.com\/index.php\/wp-json\/wp\/v2\/posts\/3829","targetHints":{"allow":["GET"]}}],"collection":[{"href":"https:\/\/infolanus.com\/index.php\/wp-json\/wp\/v2\/posts"}],"about":[{"href":"https:\/\/infolanus.com\/index.php\/wp-json\/wp\/v2\/types\/post"}],"author":[{"embeddable":true,"href":"https:\/\/infolanus.com\/index.php\/wp-json\/wp\/v2\/users\/2"}],"replies":[{"embeddable":true,"href":"https:\/\/infolanus.com\/index.php\/wp-json\/wp\/v2\/comments?post=3829"}],"version-history":[{"count":0,"href":"https:\/\/infolanus.com\/index.php\/wp-json\/wp\/v2\/posts\/3829\/revisions"}],"wp:featuredmedia":[{"embeddable":true,"href":"https:\/\/infolanus.com\/index.php\/wp-json\/wp\/v2\/media\/3830"}],"wp:attachment":[{"href":"https:\/\/infolanus.com\/index.php\/wp-json\/wp\/v2\/media?parent=3829"}],"wp:term":[{"taxonomy":"category","embeddable":true,"href":"https:\/\/infolanus.com\/index.php\/wp-json\/wp\/v2\/categories?post=3829"},{"taxonomy":"post_tag","embeddable":true,"href":"https:\/\/infolanus.com\/index.php\/wp-json\/wp\/v2\/tags?post=3829"}],"curies":[{"name":"wp","href":"https:\/\/api.w.org\/{rel}","templated":true}]}}