{"id":3930,"date":"2023-01-11T16:20:43","date_gmt":"2023-01-11T19:20:43","guid":{"rendered":"http:\/\/infolanus.com\/index.php\/2023\/01\/11\/cardiff-realizo-el-primer-pago-al-nantes-por-el-fichaje-de-emiliano-sala\/"},"modified":"2023-01-11T16:20:43","modified_gmt":"2023-01-11T19:20:43","slug":"cardiff-realizo-el-primer-pago-al-nantes-por-el-fichaje-de-emiliano-sala","status":"publish","type":"post","link":"https:\/\/infolanus.com\/index.php\/2023\/01\/11\/cardiff-realizo-el-primer-pago-al-nantes-por-el-fichaje-de-emiliano-sala\/","title":{"rendered":"Cardiff realiz\u00f3 el primer pago al Nantes por el fichaje de Emiliano Sala"},"content":{"rendered":"<div class=\"media_block\"><\/div>\n<p>El <a target=\"_blank\" href=\"https:\/\/442.perfil.com\/noticias\/futbol\/el-tas-condeno-al-cardiff-a-pagarle-al-nantes-por-el-pase-de-emiliano-sala.phtml\">Cardiff<\/a> pag\u00f3 un primer tramo de unos 6.000.000 euros&nbsp;al <a target=\"_blank\" href=\"https:\/\/442.perfil.com\/noticias\/futbol\/emotivo-nantes-homenajeo-a-emiliano-sala-en-la-final-de-la-copa-de-francia.phtml\">Nantes<\/a> por el traspaso de <a target=\"_blank\" href=\"https:\/\/442.perfil.com\/noticias\/futbol\/los-hinchas-del-niza-homenajearon-a-emiliano-sala.phtml\">Emiliano Sala<\/a>, fallecido hace cuatro a\u00f1os en un accidente de avi\u00f3n antes de haber podido jugar con el club gal\u00e9s.<\/p>\n<p>El<strong> 21 de enero de 2019<\/strong>, el atacante argentino de 28 a\u00f1os falleci\u00f3 en el accidente de una avioneta que le trasladaba de Nantes a Cardiff para unirse al club al que acababa de ser traspasado por <strong>unos 19&nbsp;millones de euros (15 millones de libras)<\/strong>..<\/p>\n<p><img data-recalc-dims=\"1\" decoding=\"async\" alt=\"Sala\" src=\"https:\/\/i0.wp.com\/fotos.perfil.com\/\/2023\/01\/11\/900\/0\/sala-1489964.jpg?w=640&#038;ssl=1\" loading=\"lazy\"><\/p>\n<p>El club de <strong>Gales<\/strong> se neg\u00f3 despu\u00e9s a pagar la suma acordada, afirmando que el traspaso no estaba todav\u00eda terminado en el momento de la muerte.<\/p>\n<p><strong>La FIFA orden\u00f3 el pago de un primer tramo de 6 millones de euros y el Tribunal Arbitral del Deporte (TAS)<\/strong> rechaz\u00f3 en agosto el recurso del Cardiff, estimando que el traspaso &#8220;hab\u00eda sido terminado&#8221; en el momento del fallecimiento de Sala.<\/p>\n<p><img data-recalc-dims=\"1\" decoding=\"async\" alt=\"Sala\" src=\"https:\/\/i0.wp.com\/fotos.perfil.com\/\/2023\/01\/11\/900\/0\/sala-1489963.jpg?w=640&#038;ssl=1\" loading=\"lazy\"><\/p>\n<p>Desde entonces, los galeses no puede fichar jugadores por el impago<strong>. Por eso realizaron el pago para tratar de levantar el castigo y poder contratar jugadores el pr\u00f3ximo mercado de pases <\/strong>y&nbsp;se estima que el organismo tomar\u00e1 una decisi\u00f3n a finales de este mes o comienzos de febrero.<\/p>\n<p>Fuente: AFP<\/p>\n","protected":false},"excerpt":{"rendered":"<p>El Cardiff pag\u00f3 un primer tramo de unos 6.000.000 euros&nbsp;al Nantes por el traspaso de Emiliano Sala, fallecido hace cuatro a\u00f1os en un accidente de avi\u00f3n antes de haber podido jugar con el club gal\u00e9s. El 21 de enero de 2019, el atacante argentino de 28 a\u00f1os falleci\u00f3 en el accidente de una avioneta que [&hellip;]<\/p>\n","protected":false},"author":2,"featured_media":3931,"comment_status":"closed","ping_status":"closed","sticky":false,"template":"","format":"standard","meta":{"jetpack_post_was_ever_published":false,"_jetpack_newsletter_access":"","_jetpack_dont_email_post_to_subs":false,"_jetpack_newsletter_tier_id":0,"_jetpack_memberships_contains_paywalled_content":false,"_jetpack_memberships_contains_paid_content":false,"footnotes":"","jetpack_publicize_message":"","jetpack_publicize_feature_enabled":true,"jetpack_social_post_already_shared":true,"jetpack_social_options":{"image_generator_settings":{"template":"highway","enabled":false},"version":2}},"categories":[17],"tags":[],"class_list":["post-3930","post","type-post","status-publish","format-standard","has-post-thumbnail","hentry","category-deportes"],"jetpack_publicize_connections":[],"jetpack_featured_media_url":"https:\/\/i0.wp.com\/infolanus.com\/wp-content\/uploads\/2023\/01\/cardiff-realizo-el-primer-pago-al-nantes-por-el-fichaje-de-emiliano-sala.jpg?fit=640%2C480&ssl=1","jetpack_sharing_enabled":true,"jetpack_shortlink":"https:\/\/wp.me\/p9QtMr-11o","_links":{"self":[{"href":"https:\/\/infolanus.com\/index.php\/wp-json\/wp\/v2\/posts\/3930","targetHints":{"allow":["GET"]}}],"collection":[{"href":"https:\/\/infolanus.com\/index.php\/wp-json\/wp\/v2\/posts"}],"about":[{"href":"https:\/\/infolanus.com\/index.php\/wp-json\/wp\/v2\/types\/post"}],"author":[{"embeddable":true,"href":"https:\/\/infolanus.com\/index.php\/wp-json\/wp\/v2\/users\/2"}],"replies":[{"embeddable":true,"href":"https:\/\/infolanus.com\/index.php\/wp-json\/wp\/v2\/comments?post=3930"}],"version-history":[{"count":0,"href":"https:\/\/infolanus.com\/index.php\/wp-json\/wp\/v2\/posts\/3930\/revisions"}],"wp:featuredmedia":[{"embeddable":true,"href":"https:\/\/infolanus.com\/index.php\/wp-json\/wp\/v2\/media\/3931"}],"wp:attachment":[{"href":"https:\/\/infolanus.com\/index.php\/wp-json\/wp\/v2\/media?parent=3930"}],"wp:term":[{"taxonomy":"category","embeddable":true,"href":"https:\/\/infolanus.com\/index.php\/wp-json\/wp\/v2\/categories?post=3930"},{"taxonomy":"post_tag","embeddable":true,"href":"https:\/\/infolanus.com\/index.php\/wp-json\/wp\/v2\/tags?post=3930"}],"curies":[{"name":"wp","href":"https:\/\/api.w.org\/{rel}","templated":true}]}}