{"id":3961,"date":"2023-01-15T21:46:24","date_gmt":"2023-01-16T00:46:24","guid":{"rendered":"http:\/\/infolanus.com\/index.php\/2023\/01\/15\/boca-cerca-de-cerrar-su-primer-refuerzo-con-un-defensor-extranjero\/"},"modified":"2023-01-15T21:46:24","modified_gmt":"2023-01-16T00:46:24","slug":"boca-cerca-de-cerrar-su-primer-refuerzo-con-un-defensor-extranjero","status":"publish","type":"post","link":"https:\/\/infolanus.com\/index.php\/2023\/01\/15\/boca-cerca-de-cerrar-su-primer-refuerzo-con-un-defensor-extranjero\/","title":{"rendered":"Boca cerca de cerrar su primer refuerzo con un defensor extranjero"},"content":{"rendered":"<div class=\"media_block\"><\/div>\n<p><a target=\"_blank\" href=\"https:\/\/442.perfil.com\/noticias\/futbol\/boca-confirmo-el-grupo-de-convocados-para-la-supercopa-internacional.phtml\"><strong>Boca Juniors<\/strong><\/a> volvi\u00f3 a la actividad en este 2023 en medio de la presentaci\u00f3n del Torneo Internacional de Verano. Desafortunadamente las cosas no se dieron de la mejor manera, ya que, el plantel Xeneize ajust\u00f3 dos empates ante Independiente y Everton de Chile. Por este motivo, desde la dirigencia pretenden reforzar algunas posiciones dentro del campo para poder atender los duros retos que tendr\u00e1n en la nueva temporada.<\/p>\n<p>Luego de la salida de Carlos Zambranos en el <a target=\"_blank\" href=\"https:\/\/442.perfil.com\/noticias\/futbol\/battaglia-apunto-contra-el-consejo-de-futbol-de-boca-por-la-salida-de-agustin-rossi.phtml\">Consejo del F\u00fatbol<\/a> analizan la llegada de un defensor de su misma nacionalidad. Se trata de<strong> Alexander&nbsp;Callens, quien acaba de quedar libre tras su paso por las filas del New York City de la MLS.<\/strong><\/p>\n<p><img data-recalc-dims=\"1\" decoding=\"async\" alt=\"Callens\" src=\"https:\/\/i0.wp.com\/fotos.perfil.com\/\/2023\/01\/15\/900\/0\/callens-1492135.jpg?w=640&#038;ssl=1\" loading=\"lazy\"><\/p>\n<p>La realidad es que la idea no le pareci\u00f3 descabellada a los dirigentes quienes se sentar\u00e1n a negociar por sus servicios. En caso de que se ajuste un salario acorde, el extranjero podr\u00eda arribar al club Azul y Oro en los pr\u00f3ximos d\u00edas.<\/p>\n<p>El nacido en Callao tiene 30 a\u00f1os y ha tenido experiencia internacional destacada. Visti\u00f3 los colores del Sport Boys de Per\u00fa, Numancia, Real Sociedad y el plantel norteamericano donde milit\u00f3 durante siete temporadas. \u00bfSer\u00e1 la nueva cara de Boca?<\/p>\n<p>G.M&nbsp;<\/p>\n","protected":false},"excerpt":{"rendered":"<p>Boca Juniors volvi\u00f3 a la actividad en este 2023 en medio de la presentaci\u00f3n del Torneo Internacional de Verano. Desafortunadamente las cosas no se dieron de la mejor manera, ya que, el plantel Xeneize ajust\u00f3 dos empates ante Independiente y Everton de Chile. Por este motivo, desde la dirigencia pretenden reforzar algunas posiciones dentro del [&hellip;]<\/p>\n","protected":false},"author":2,"featured_media":3962,"comment_status":"closed","ping_status":"closed","sticky":false,"template":"","format":"standard","meta":{"jetpack_post_was_ever_published":false,"_jetpack_newsletter_access":"","_jetpack_dont_email_post_to_subs":false,"_jetpack_newsletter_tier_id":0,"_jetpack_memberships_contains_paywalled_content":false,"_jetpack_memberships_contains_paid_content":false,"footnotes":"","jetpack_publicize_message":"","jetpack_publicize_feature_enabled":true,"jetpack_social_post_already_shared":true,"jetpack_social_options":{"image_generator_settings":{"template":"highway","enabled":false},"version":2}},"categories":[17],"tags":[],"class_list":["post-3961","post","type-post","status-publish","format-standard","has-post-thumbnail","hentry","category-deportes"],"jetpack_publicize_connections":[],"jetpack_featured_media_url":"https:\/\/i0.wp.com\/infolanus.com\/wp-content\/uploads\/2023\/01\/boca-cerca-de-cerrar-su-primer-refuerzo-con-un-defensor-extranjero.jpg?fit=900%2C506&ssl=1","jetpack_sharing_enabled":true,"jetpack_shortlink":"https:\/\/wp.me\/p9QtMr-11T","_links":{"self":[{"href":"https:\/\/infolanus.com\/index.php\/wp-json\/wp\/v2\/posts\/3961","targetHints":{"allow":["GET"]}}],"collection":[{"href":"https:\/\/infolanus.com\/index.php\/wp-json\/wp\/v2\/posts"}],"about":[{"href":"https:\/\/infolanus.com\/index.php\/wp-json\/wp\/v2\/types\/post"}],"author":[{"embeddable":true,"href":"https:\/\/infolanus.com\/index.php\/wp-json\/wp\/v2\/users\/2"}],"replies":[{"embeddable":true,"href":"https:\/\/infolanus.com\/index.php\/wp-json\/wp\/v2\/comments?post=3961"}],"version-history":[{"count":0,"href":"https:\/\/infolanus.com\/index.php\/wp-json\/wp\/v2\/posts\/3961\/revisions"}],"wp:featuredmedia":[{"embeddable":true,"href":"https:\/\/infolanus.com\/index.php\/wp-json\/wp\/v2\/media\/3962"}],"wp:attachment":[{"href":"https:\/\/infolanus.com\/index.php\/wp-json\/wp\/v2\/media?parent=3961"}],"wp:term":[{"taxonomy":"category","embeddable":true,"href":"https:\/\/infolanus.com\/index.php\/wp-json\/wp\/v2\/categories?post=3961"},{"taxonomy":"post_tag","embeddable":true,"href":"https:\/\/infolanus.com\/index.php\/wp-json\/wp\/v2\/tags?post=3961"}],"curies":[{"name":"wp","href":"https:\/\/api.w.org\/{rel}","templated":true}]}}