{"id":3968,"date":"2023-01-16T22:07:20","date_gmt":"2023-01-17T01:07:20","guid":{"rendered":"http:\/\/infolanus.com\/index.php\/2023\/01\/16\/la-confesion-de-lionel-scaloni-sobre-la-final-del-mundial-no-volvi-a-verla\/"},"modified":"2023-01-16T22:07:20","modified_gmt":"2023-01-17T01:07:20","slug":"la-confesion-de-lionel-scaloni-sobre-la-final-del-mundial-no-volvi-a-verla","status":"publish","type":"post","link":"https:\/\/infolanus.com\/index.php\/2023\/01\/16\/la-confesion-de-lionel-scaloni-sobre-la-final-del-mundial-no-volvi-a-verla\/","title":{"rendered":"La confesi\u00f3n de Lionel Scaloni sobre la final del Mundial: &#8220;No volv\u00ed a verla&#8221;"},"content":{"rendered":"<div class=\"media_block\"><\/div>\n<p><strong><a target=\"_blank\" href=\"https:\/\/442.perfil.com\/noticias\/futbol\/lionel-scaloni-fue-elegido-como-el-mejor-entrenador-del-mundo.phtml\">Lionel Scaloni<\/a>&nbsp;<\/strong>dio una entrevista a&nbsp;Partidazo Cope, una radio de Espa\u00f1a, y&nbsp;<strong>habl\u00f3 sobre la consagraci\u00f3n de la <a target=\"_blank\" href=\"http:\/\/https:\/\/442.perfil.com\/noticias\/seleccion-argentina\/por-culpa-del-titulo-de-la-seleccion-argentina-y-la-carta-de-messi-se-podria-cambiar-las-reglas-en-el-truco.phtml\">Selecci\u00f3n Argentina<\/a>&nbsp;en el Mundial Qatar 2022<\/strong> y remarc\u00f3 lo que sinti\u00f3 con el pasar de los d\u00edas: del <strong>&#8220;no volv\u00ed a ver la final&#8221;.&nbsp;<\/strong><\/p>\n<p>El entrenador&nbsp;confes\u00f3 que luego del encuentro ante Francia no quiso mirarla otra vez: <strong>&#8220;No he vuelto a ver la final. La tengo clara en mi cabeza, pero no he vuelto a verla&#8221;.<\/strong><\/p>\n<p>Adem\u00e1s, Scaloni fue consultado por la jugada de Kolo Muani en el \u00faltimo minutos de la final ante Francia y record\u00f3 la atajada de Emiliano Mart\u00ednez: <strong>&#8220;La salvada del Dibu s\u00ed la he visto varias veces&#8230; y si la vuelvo a ver capaz que entra&#8221;<\/strong>.<\/p>\n<h2>La emotiva charla t\u00e9cnica en la previa a la final<\/h2>\n<p>Lionel Scaloni confes\u00f3 que la charla t\u00e9cnica en la previa fue muy dura y no ten\u00eda palabras para con sus jugadores y revel\u00f3: &#8220;Somos de estar cerca, sabemos los momentos en lo que voy. En las puertas de una final no hay mucho que decir. <strong>La charla fue muy emotiva porque son cuatro a\u00f1os trabajando para ese momento<\/strong>&#8220;.&nbsp;<\/p>\n<p>&#8220;<strong>No me acuerdo ni que les dije, no me sal\u00edan las palabras<\/strong>. Sinceramente fue muy emotivo, preparamos el partido y dijimos lo que pens\u00e1bamos para ganar el partido, pero cuando quise decir algo m\u00e1s emotivo no pod\u00eda.<strong> Agradec\u00ed los cuatro a\u00f1os que vivimos, no pude seguir ni yo ni el cuerpo t\u00e9cnico. Es el momento final, llegaste a lo m\u00e1ximo<\/strong>&#8220;, cont\u00f3.&nbsp;<\/p>\n<h2>La importancia de Lionel Messi en el vestuario de la Selecci\u00f3n Argentina<\/h2>\n<p>El entrenador de la Selecci\u00f3n tambi\u00e9n habl\u00f3 de la importancia de <strong><a target=\"_blank\" href=\"http:\/\/https:\/\/442.perfil.com\/noticias\/futbol\/no-paran-medios-franceses-criticaron-fuertemente-a-lionel-messi-luego-de-su-ultimo-partido-con-el-psg.phtml\">Leo Messi<\/a> <\/strong>dentro del vestuario para con sus compa\u00f1eros y expres\u00f3: &#8220;<strong>Siempre el capit\u00e1n tiene la \u00faltima palabra<\/strong>. <strong>Yo hablo y despu\u00e9s se re\u00fanen ellos, los once que salen a la cancha y habla el capit\u00e1n como siempre. No formo parte de eso, es un momento de ellos y es \u00fanico. Es el momento top para un jugador<\/strong>&#8220;.<\/p>\n<p><img data-recalc-dims=\"1\" decoding=\"async\" alt=\"Lionel Messi\" src=\"https:\/\/i0.wp.com\/fotos.perfil.com\/\/2022\/11\/26\/900\/0\/lionel-messi-1461118.jpg?w=640&#038;ssl=1\" loading=\"lazy\"><\/p>\n<h2>El futuro de Lionel Scaloni en la Selecci\u00f3n Argentina<\/h2>\n<p>El DT campe\u00f3n del mundo habl\u00f3 de su continuidad como entrenador de la Selecci\u00f3n Argentina y revel\u00f3 que hablar\u00e1 con Claudio Tapia: &#8220;En alg\u00fan momento llegar\u00e1, pero lo importante son otras cosas.<strong> Espero sentarme con el presidente cuando vuelva a Buenos Aires. Tengo la mejor relaci\u00f3n con \u00e9l y le agradezco la oportunidad que me dio. Ya anunciar\u00e9 lo que tenga que anunciar<\/strong>&#8220;.<\/p>\n","protected":false},"excerpt":{"rendered":"<p>Lionel Scaloni&nbsp;dio una entrevista a&nbsp;Partidazo Cope, una radio de Espa\u00f1a, y&nbsp;habl\u00f3 sobre la consagraci\u00f3n de la Selecci\u00f3n Argentina&nbsp;en el Mundial Qatar 2022 y remarc\u00f3 lo que sinti\u00f3 con el pasar de los d\u00edas: del &#8220;no volv\u00ed a ver la final&#8221;.&nbsp; El entrenador&nbsp;confes\u00f3 que luego del encuentro ante Francia no quiso mirarla otra vez: &#8220;No he [&hellip;]<\/p>\n","protected":false},"author":2,"featured_media":3969,"comment_status":"closed","ping_status":"closed","sticky":false,"template":"","format":"standard","meta":{"jetpack_post_was_ever_published":false,"_jetpack_newsletter_access":"","_jetpack_dont_email_post_to_subs":false,"_jetpack_newsletter_tier_id":0,"_jetpack_memberships_contains_paywalled_content":false,"_jetpack_memberships_contains_paid_content":false,"footnotes":"","jetpack_publicize_message":"","jetpack_publicize_feature_enabled":true,"jetpack_social_post_already_shared":true,"jetpack_social_options":{"image_generator_settings":{"template":"highway","enabled":false},"version":2}},"categories":[17],"tags":[],"class_list":["post-3968","post","type-post","status-publish","format-standard","has-post-thumbnail","hentry","category-deportes"],"jetpack_publicize_connections":[],"jetpack_featured_media_url":"https:\/\/i0.wp.com\/infolanus.com\/wp-content\/uploads\/2023\/01\/la-confesion-de-lionel-scaloni-sobre-la-final-del-mundial-no-volvi-a-verla.jpg?fit=900%2C506&ssl=1","jetpack_sharing_enabled":true,"jetpack_shortlink":"https:\/\/wp.me\/p9QtMr-120","_links":{"self":[{"href":"https:\/\/infolanus.com\/index.php\/wp-json\/wp\/v2\/posts\/3968","targetHints":{"allow":["GET"]}}],"collection":[{"href":"https:\/\/infolanus.com\/index.php\/wp-json\/wp\/v2\/posts"}],"about":[{"href":"https:\/\/infolanus.com\/index.php\/wp-json\/wp\/v2\/types\/post"}],"author":[{"embeddable":true,"href":"https:\/\/infolanus.com\/index.php\/wp-json\/wp\/v2\/users\/2"}],"replies":[{"embeddable":true,"href":"https:\/\/infolanus.com\/index.php\/wp-json\/wp\/v2\/comments?post=3968"}],"version-history":[{"count":0,"href":"https:\/\/infolanus.com\/index.php\/wp-json\/wp\/v2\/posts\/3968\/revisions"}],"wp:featuredmedia":[{"embeddable":true,"href":"https:\/\/infolanus.com\/index.php\/wp-json\/wp\/v2\/media\/3969"}],"wp:attachment":[{"href":"https:\/\/infolanus.com\/index.php\/wp-json\/wp\/v2\/media?parent=3968"}],"wp:term":[{"taxonomy":"category","embeddable":true,"href":"https:\/\/infolanus.com\/index.php\/wp-json\/wp\/v2\/categories?post=3968"},{"taxonomy":"post_tag","embeddable":true,"href":"https:\/\/infolanus.com\/index.php\/wp-json\/wp\/v2\/tags?post=3968"}],"curies":[{"name":"wp","href":"https:\/\/api.w.org\/{rel}","templated":true}]}}